{"id":1738,"date":"2024-10-12T20:09:29","date_gmt":"2024-10-12T20:09:29","guid":{"rendered":"https:\/\/www.elregional.cl\/?p=1738"},"modified":"2024-10-12T20:09:29","modified_gmt":"2024-10-12T20:09:29","slug":"nuevo-homicidio-en-coquimbo","status":"publish","type":"post","link":"https:\/\/www.elregional.cl\/?p=1738","title":{"rendered":"Nuevo homicidio en Coquimbo."},"content":{"rendered":"<p><strong>Detectives de la Brigada de Homicidios La Serena de la PDI desarrollan primeras diligencias por el ingreso de un hombre fallecido al consultorio de la localidad de Tongoy, comuna de Coquimbo.<\/strong><\/p>\n<p><strong>\u201cPersonal de esta brigada especializada con peritos del Laboratorio de Criminal\u00edstica Regional concurren hasta Tongoy por instrucci\u00f3n del Ministerio P\u00fablico, debido al fallecimiento de un hombre de nacionalidad ecuatoriana, que presenta lesiones por impacto de proyectil bal\u00edstico\u201d<\/strong>, inform\u00f3 el subprefecto Jos\u00e9 C\u00e1ceres jefe de la Brigada de Homicidios La Serena de la\u00a0<a title=\"PDI\" href=\"https:\/\/www.pdichile.cl\/\" target=\"_blank\" rel=\"noopener nofollow\">PDI<\/a>.<\/p>\n<p>De acuerdo a los primeros antecedentes, la v\u00edctima de 28 a\u00f1os aproximadamente, estuvo compartiendo compartiendo con amigos durante la madrugada de este s\u00e1bado 12 de octubre cuando sufri\u00f3 el ataque que le cobr\u00f3 la vida.<\/p>\n<p>A esta hora los detectives se encuentran desarrollando diversas t\u00e9cnicas de investigaci\u00f3n para esclarecer las causas, circunstancias y la responsabilidad que corresponda en este delito, que habr\u00eda ocurrido durante la madrugada.<\/p>\n","protected":false},"excerpt":{"rendered":"<p>Detectives de la Brigada de Homicidios La Serena de la PDI desarrollan primeras diligencias por el ingreso de un hombre fallecido al consultorio de la localidad de Tongoy, comuna de Coquimbo. \u201cPersonal de esta brigada especializada con peritos del Laboratorio de Criminal\u00edstica Regional concurren hasta Tongoy por instrucci\u00f3n del Ministerio P\u00fablico, debido al fallecimiento de &hellip;<\/p>\n","protected":false},"author":2,"featured_media":0,"comment_status":"closed","ping_status":"closed","sticky":false,"template":"","format":"standard","meta":{"footnotes":""},"categories":[13],"tags":[],"class_list":["post-1738","post","type-post","status-publish","format-standard","hentry","category-coquimbo"],"_links":{"self":[{"href":"https:\/\/www.elregional.cl\/index.php?rest_route=\/wp\/v2\/posts\/1738","targetHints":{"allow":["GET"]}}],"collection":[{"href":"https:\/\/www.elregional.cl\/index.php?rest_route=\/wp\/v2\/posts"}],"about":[{"href":"https:\/\/www.elregional.cl\/index.php?rest_route=\/wp\/v2\/types\/post"}],"author":[{"embeddable":true,"href":"https:\/\/www.elregional.cl\/index.php?rest_route=\/wp\/v2\/users\/2"}],"replies":[{"embeddable":true,"href":"https:\/\/www.elregional.cl\/index.php?rest_route=%2Fwp%2Fv2%2Fcomments&post=1738"}],"version-history":[{"count":1,"href":"https:\/\/www.elregional.cl\/index.php?rest_route=\/wp\/v2\/posts\/1738\/revisions"}],"predecessor-version":[{"id":1740,"href":"https:\/\/www.elregional.cl\/index.php?rest_route=\/wp\/v2\/posts\/1738\/revisions\/1740"}],"wp:attachment":[{"href":"https:\/\/www.elregional.cl\/index.php?rest_route=%2Fwp%2Fv2%2Fmedia&parent=1738"}],"wp:term":[{"taxonomy":"category","embeddable":true,"href":"https:\/\/www.elregional.cl\/index.php?rest_route=%2Fwp%2Fv2%2Fcategories&post=1738"},{"taxonomy":"post_tag","embeddable":true,"href":"https:\/\/www.elregional.cl\/index.php?rest_route=%2Fwp%2Fv2%2Ftags&post=1738"}],"curies":[{"name":"wp","href":"https:\/\/api.w.org\/{rel}","templated":true}]}}