{"id":1840,"date":"2024-10-19T22:54:20","date_gmt":"2024-10-19T22:54:20","guid":{"rendered":"https:\/\/www.elregional.cl\/?p=1840"},"modified":"2024-10-19T22:54:20","modified_gmt":"2024-10-19T22:54:20","slug":"contraloria-da-luz-verde-a-la-propuesta-de-adjudicacion-del-nuevo-hospital-de-illapel","status":"publish","type":"post","link":"https:\/\/www.elregional.cl\/?p=1840","title":{"rendered":"Contralor\u00eda da luz verde a la propuesta de adjudicaci\u00f3n del nuevo Hospital de Illapel"},"content":{"rendered":"<h1 class=\"entry-title\"><\/h1>\n<div class=\"social-media\">\n<div class=\"twitter\"><\/div>\n<div class=\"fbook\">\n<div class=\"fb-like fb_iframe_widget fb_iframe_widget_fluid\" data-href=\"http:\/\/illapelchile.cl\/salud\/contraloria-da-luz-verde-a-la-propuesta-de-adjudicacion-del-nuevo-hospital-de-illapel\/\" data-layout=\"standard\" data-action=\"like\" data-show-faces=\"false\" data-share=\"true\"><strong>El siguiente paso consiste en la notificaci\u00f3n de la empresa seleccionada y su aceptaci\u00f3n mediante la firma del contrato del proyecto, que beneficiar\u00e1 a m\u00e1s de 96 mil personas de toda la Provincia de Choapa.<\/strong><\/div>\n<\/div>\n<\/div>\n<p>La segunda quincena de octubre trajo consigo excelentes noticias para la Regi\u00f3n de Coquimbo. Y es que la Contralor\u00eda General de la Rep\u00fablica tom\u00f3 raz\u00f3n de la propuesta de adjudicaci\u00f3n del nuevo Hospital de Illapel del Servicio de Salud, luego de que fuera \u201crepresentada\u201d, producto de observaciones realizadas por la entidad, que ya fueron resueltas.<\/p>\n<figure class=\"wp-block-gallery has-nested-images columns-default is-cropped wp-block-gallery-1 is-layout-flex wp-block-gallery-is-layout-flex\">\n<figure class=\"wp-block-image size-large\"><img loading=\"lazy\" decoding=\"async\" class=\"wp-image-19562\" src=\"https:\/\/illapelchile.cl\/wp-content\/uploads\/2024\/10\/1-1.jpeg\" sizes=\"auto, (max-width: 944px) 100vw, 944px\" srcset=\"https:\/\/illapelchile.cl\/wp-content\/uploads\/2024\/10\/1-1.jpeg 944w, https:\/\/illapelchile.cl\/wp-content\/uploads\/2024\/10\/1-1-300x200.jpeg 300w, https:\/\/illapelchile.cl\/wp-content\/uploads\/2024\/10\/1-1-768x512.jpeg 768w\" alt=\"\" width=\"944\" height=\"629\" data-id=\"19562\" \/><\/figure>\n<figure class=\"wp-block-image size-large\"><img loading=\"lazy\" decoding=\"async\" class=\"wp-image-19560\" src=\"https:\/\/illapelchile.cl\/wp-content\/uploads\/2024\/10\/3.jpeg\" sizes=\"auto, (max-width: 890px) 100vw, 890px\" srcset=\"https:\/\/illapelchile.cl\/wp-content\/uploads\/2024\/10\/3.jpeg 890w, https:\/\/illapelchile.cl\/wp-content\/uploads\/2024\/10\/3-300x200.jpeg 300w, https:\/\/illapelchile.cl\/wp-content\/uploads\/2024\/10\/3-768x512.jpeg 768w\" alt=\"\" width=\"890\" height=\"593\" data-id=\"19560\" \/><\/figure>\n<figure class=\"wp-block-image size-large\"><img loading=\"lazy\" decoding=\"async\" class=\"wp-image-19559\" src=\"https:\/\/illapelchile.cl\/wp-content\/uploads\/2024\/10\/4.jpeg\" sizes=\"auto, (max-width: 802px) 100vw, 802px\" srcset=\"https:\/\/illapelchile.cl\/wp-content\/uploads\/2024\/10\/4.jpeg 802w, https:\/\/illapelchile.cl\/wp-content\/uploads\/2024\/10\/4-300x200.jpeg 300w, https:\/\/illapelchile.cl\/wp-content\/uploads\/2024\/10\/4-768x512.jpeg 768w\" alt=\"\" width=\"802\" height=\"535\" data-id=\"19559\" \/><\/figure>\n<\/figure>\n<p>\u201cIndudablemente, esta es una muy buena noticia y nos sentimos muy felices por ello. En alg\u00fan minuto, la adjudicaci\u00f3n de este proyecto fue fuertemente objetada y con el trabajo que hizo nuestro equipo t\u00e9cnico estos meses, se fueron respondiendo todos los puntos que observ\u00f3 la Contralor\u00eda, que cabe destacar, tuvo toda la disposici\u00f3n de analizar las respuestas y propuestas que les fuimos haciendo. Este es un esfuerzo colectivo, que se realiz\u00f3 junto a la Delegaci\u00f3n Presidencial y el Ministerio de Salud\u201d, indic\u00f3 Ernesto Jorquera, Director del Servicio de Salud.<\/p>\n<p>Al respecto, Galo Luna, Delegado Presidencial Regional, sostuvo que \u201ccomo Gobierno, seguimos avanzando y estamos contentos. Esta es una demanda hist\u00f3rica por parte de la poblaci\u00f3n. El nuevo hospital entregar\u00e1 una salud digna y de calidad a la comunidad, junto con equidad territorial. Esta obra da un paso importante y esperamos que contin\u00fae avanzando, para que comencemos a ver el inicio de la construcci\u00f3n\u201d.<\/p>\n","protected":false},"excerpt":{"rendered":"<p>El siguiente paso consiste en la notificaci\u00f3n de la empresa seleccionada y su aceptaci\u00f3n mediante la firma del contrato del proyecto, que beneficiar\u00e1 a m\u00e1s de 96 mil personas de toda la Provincia de Choapa. La segunda quincena de octubre trajo consigo excelentes noticias para la Regi\u00f3n de Coquimbo. Y es que la Contralor\u00eda General &hellip;<\/p>\n","protected":false},"author":2,"featured_media":0,"comment_status":"closed","ping_status":"closed","sticky":false,"template":"","format":"standard","meta":{"footnotes":""},"categories":[2],"tags":[],"class_list":["post-1840","post","type-post","status-publish","format-standard","hentry","category-regionales"],"_links":{"self":[{"href":"https:\/\/www.elregional.cl\/index.php?rest_route=\/wp\/v2\/posts\/1840","targetHints":{"allow":["GET"]}}],"collection":[{"href":"https:\/\/www.elregional.cl\/index.php?rest_route=\/wp\/v2\/posts"}],"about":[{"href":"https:\/\/www.elregional.cl\/index.php?rest_route=\/wp\/v2\/types\/post"}],"author":[{"embeddable":true,"href":"https:\/\/www.elregional.cl\/index.php?rest_route=\/wp\/v2\/users\/2"}],"replies":[{"embeddable":true,"href":"https:\/\/www.elregional.cl\/index.php?rest_route=%2Fwp%2Fv2%2Fcomments&post=1840"}],"version-history":[{"count":1,"href":"https:\/\/www.elregional.cl\/index.php?rest_route=\/wp\/v2\/posts\/1840\/revisions"}],"predecessor-version":[{"id":1842,"href":"https:\/\/www.elregional.cl\/index.php?rest_route=\/wp\/v2\/posts\/1840\/revisions\/1842"}],"wp:attachment":[{"href":"https:\/\/www.elregional.cl\/index.php?rest_route=%2Fwp%2Fv2%2Fmedia&parent=1840"}],"wp:term":[{"taxonomy":"category","embeddable":true,"href":"https:\/\/www.elregional.cl\/index.php?rest_route=%2Fwp%2Fv2%2Fcategories&post=1840"},{"taxonomy":"post_tag","embeddable":true,"href":"https:\/\/www.elregional.cl\/index.php?rest_route=%2Fwp%2Fv2%2Ftags&post=1840"}],"curies":[{"name":"wp","href":"https:\/\/api.w.org\/{rel}","templated":true}]}}