{"id":1914,"date":"2024-10-27T13:48:24","date_gmt":"2024-10-27T13:48:24","guid":{"rendered":"https:\/\/www.elregional.cl\/?p=1914"},"modified":"2024-10-27T13:48:24","modified_gmt":"2024-10-27T13:48:24","slug":"altas-temperaturas-pueden-ser-fatales-para-nuestras-mascotas","status":"publish","type":"post","link":"https:\/\/www.elregional.cl\/?p=1914","title":{"rendered":"Altas temperaturas pueden ser \u00abfatales\u00bb para nuestras mascotas"},"content":{"rendered":"<p><strong>En momentos en que las temperaturas empiezan a incrementarse en nuestro pa\u00eds,<\/strong>\u00a0una preocupaci\u00f3n que existe en algunas familias, es\u00a0<strong>c\u00f3mo enfrentar esta variable atendiendo a la necesidad de resguardar a las mascotas del calor<\/strong>, contexto en el que\u00a0<strong>conversamos con Agust\u00edn Cartes<\/strong>, docente y director acad\u00e9mico del Hospital Cl\u00ednico Veterinario de la Universidad Andr\u00e9s Bello (UNAB), sede\u00a0Vi\u00f1a\u00a0del\u00a0Mar.<\/p>\n<p>Pensando en animales cl\u00e1sicos, como perros y gatos, el especialista es claro al momento de evidenciar los riegos a los que estos pueden quedar expuestos.<\/p>\n<p><strong>\u201cDurante la temporada de calor extremo, las mascotas, especialmente perros y gatos, est\u00e1n en riesgo de sufrir hipertermia<\/strong>, que se produce cuando el cuerpo no puede disipar adecuadamente el calor por sus propios mecanismos de regulaci\u00f3n (por ejemplo el jadeo)\u201d, advierte.<\/p>\n<p>Usualmente, recalca,\u00a0<strong>\u201cnuestras mascotas pueden presentar cuadros de deshidrataci\u00f3n y quemaduras<\/strong>\u00a0solares debido a la exposici\u00f3n, sin embargo y de forma severa, pueden desarrollar enfermedades relacionadas con el calor, tales como el golpe de calor, el que puede causar da\u00f1os multisist\u00e9micos graves, incluida la falla org\u00e1nica\u201d.<\/p>\n<p><strong>Se trata de un cuadro cl\u00ednico que<\/strong>\u00a0Cartes, aclara,\u00a0<strong>\u201ces especialmente preocupante en razas\u00a0<a href=\"https:\/\/sevneurology.com\/es\/blog\/brachycephalic-dog\" target=\"_blank\" rel=\"noopener\">braquic\u00e9falas<\/a>\u00ab,\u00a0<\/strong>(que tienen un cr\u00e1neo redondeado y un hocico corto o achatado), adem\u00e1s de ser riesgoso para<strong>\u00a0\u00abanimales con sobrepeso, adultos mayores<\/strong>\u00a0o aquellos con problemas respiratorios o card\u00edacos\u00a0preexistentes\u201d.<\/p>\n<p>ElDesconcierto.cl<\/p>\n","protected":false},"excerpt":{"rendered":"<p>En momentos en que las temperaturas empiezan a incrementarse en nuestro pa\u00eds,\u00a0una preocupaci\u00f3n que existe en algunas familias, es\u00a0c\u00f3mo enfrentar esta variable atendiendo a la necesidad de resguardar a las mascotas del calor, contexto en el que\u00a0conversamos con Agust\u00edn Cartes, docente y director acad\u00e9mico del Hospital Cl\u00ednico Veterinario de la Universidad Andr\u00e9s Bello (UNAB), sede\u00a0Vi\u00f1a\u00a0del\u00a0Mar. &hellip;<\/p>\n","protected":false},"author":2,"featured_media":0,"comment_status":"closed","ping_status":"closed","sticky":false,"template":"","format":"standard","meta":{"footnotes":""},"categories":[3],"tags":[],"class_list":["post-1914","post","type-post","status-publish","format-standard","hentry","category-pais"],"_links":{"self":[{"href":"https:\/\/www.elregional.cl\/index.php?rest_route=\/wp\/v2\/posts\/1914","targetHints":{"allow":["GET"]}}],"collection":[{"href":"https:\/\/www.elregional.cl\/index.php?rest_route=\/wp\/v2\/posts"}],"about":[{"href":"https:\/\/www.elregional.cl\/index.php?rest_route=\/wp\/v2\/types\/post"}],"author":[{"embeddable":true,"href":"https:\/\/www.elregional.cl\/index.php?rest_route=\/wp\/v2\/users\/2"}],"replies":[{"embeddable":true,"href":"https:\/\/www.elregional.cl\/index.php?rest_route=%2Fwp%2Fv2%2Fcomments&post=1914"}],"version-history":[{"count":1,"href":"https:\/\/www.elregional.cl\/index.php?rest_route=\/wp\/v2\/posts\/1914\/revisions"}],"predecessor-version":[{"id":1916,"href":"https:\/\/www.elregional.cl\/index.php?rest_route=\/wp\/v2\/posts\/1914\/revisions\/1916"}],"wp:attachment":[{"href":"https:\/\/www.elregional.cl\/index.php?rest_route=%2Fwp%2Fv2%2Fmedia&parent=1914"}],"wp:term":[{"taxonomy":"category","embeddable":true,"href":"https:\/\/www.elregional.cl\/index.php?rest_route=%2Fwp%2Fv2%2Fcategories&post=1914"},{"taxonomy":"post_tag","embeddable":true,"href":"https:\/\/www.elregional.cl\/index.php?rest_route=%2Fwp%2Fv2%2Ftags&post=1914"}],"curies":[{"name":"wp","href":"https:\/\/api.w.org\/{rel}","templated":true}]}}