{"id":1944,"date":"2024-10-28T19:14:49","date_gmt":"2024-10-28T19:14:49","guid":{"rendered":"https:\/\/www.elregional.cl\/?p=1944"},"modified":"2024-10-28T19:14:49","modified_gmt":"2024-10-28T19:14:49","slug":"final-de-la-segunda-division-seria-transmitida-por-tv-abierta","status":"publish","type":"post","link":"https:\/\/www.elregional.cl\/?p=1944","title":{"rendered":"Final de la Segunda Divisi\u00f3n ser\u00eda transmitida por TV abierta."},"content":{"rendered":"<p class=\"parseAmpArticleItem__StyledText-sc-19ckei0-1 dTPsGH body-paragraph\"><a href=\"https:\/\/www.encancha.cl\/futbol-chileno\/2024\/10\/26\/uno-sera-local-asi-se-repartira-el-aforo-para-la-final-de-segunda-division\/\"><b>Deportes Melipilla\u00a0<\/b>y\u00a0<b>Deportes Concepci\u00f3n<\/b><\/a><b>\u00a0<\/b>est\u00e1n concentrados totalmente en el partido del pr\u00f3ximo\u00a0<a href=\"https:\/\/www.encancha.cl\/futbol-chileno\/2024\/10\/25\/final-de-segunda-division-entre-melipilla-y-deportes-concepcion-sufre-un-nuevo-cambio-en-la-programacion\/\"><b>jueves 31 de octubre que se jugar\u00e1 a las 16:30 horas<\/b><\/a>\u00a0en\u00a0<b>El Teniente\u00a0<\/b>de\u00a0<b>Rancagua<\/b>, ya que el ganador se consagrar\u00e1 campe\u00f3n de\u00a0<b>Segunda Divisi\u00f3n\u00a0<\/b>y adem\u00e1s se ganar\u00e1 el derecho de jugar en\u00a0<b>Primera B\u00a0<\/b>la pr\u00f3xima temporada.<\/p>\n<div>\n<div class=\"wrapAdds\"><\/div>\n<\/div>\n<p class=\"parseAmpArticleItem__StyledText-sc-19ckei0-1 dTPsGH body-paragraph\">Es de tal importancia el partido, que en esta ocasi\u00f3n incorporar\u00e1n el\u00a0<b>VAR\u00a0<\/b>para apoyar a los \u00e1rbitros de campo, algo in\u00e9dito en la categor\u00eda, pues ser\u00e1 la primera vez que se utilice la tecnolog\u00eda de videoarbitraje en\u00a0<b>Segunda Divisi\u00f3n<\/b>. Adem\u00e1s, podr\u00eda sumarse la transmisi\u00f3n en televisi\u00f3n abierta del encuentro.<\/p>\n","protected":false},"excerpt":{"rendered":"<p>Deportes Melipilla\u00a0y\u00a0Deportes Concepci\u00f3n\u00a0est\u00e1n concentrados totalmente en el partido del pr\u00f3ximo\u00a0jueves 31 de octubre que se jugar\u00e1 a las 16:30 horas\u00a0en\u00a0El Teniente\u00a0de\u00a0Rancagua, ya que el ganador se consagrar\u00e1 campe\u00f3n de\u00a0Segunda Divisi\u00f3n\u00a0y adem\u00e1s se ganar\u00e1 el derecho de jugar en\u00a0Primera B\u00a0la pr\u00f3xima temporada. Es de tal importancia el partido, que en esta ocasi\u00f3n incorporar\u00e1n el\u00a0VAR\u00a0para apoyar a &hellip;<\/p>\n","protected":false},"author":2,"featured_media":0,"comment_status":"closed","ping_status":"closed","sticky":false,"template":"","format":"standard","meta":{"footnotes":""},"categories":[5],"tags":[],"class_list":["post-1944","post","type-post","status-publish","format-standard","hentry","category-deportes"],"_links":{"self":[{"href":"https:\/\/www.elregional.cl\/index.php?rest_route=\/wp\/v2\/posts\/1944","targetHints":{"allow":["GET"]}}],"collection":[{"href":"https:\/\/www.elregional.cl\/index.php?rest_route=\/wp\/v2\/posts"}],"about":[{"href":"https:\/\/www.elregional.cl\/index.php?rest_route=\/wp\/v2\/types\/post"}],"author":[{"embeddable":true,"href":"https:\/\/www.elregional.cl\/index.php?rest_route=\/wp\/v2\/users\/2"}],"replies":[{"embeddable":true,"href":"https:\/\/www.elregional.cl\/index.php?rest_route=%2Fwp%2Fv2%2Fcomments&post=1944"}],"version-history":[{"count":1,"href":"https:\/\/www.elregional.cl\/index.php?rest_route=\/wp\/v2\/posts\/1944\/revisions"}],"predecessor-version":[{"id":1946,"href":"https:\/\/www.elregional.cl\/index.php?rest_route=\/wp\/v2\/posts\/1944\/revisions\/1946"}],"wp:attachment":[{"href":"https:\/\/www.elregional.cl\/index.php?rest_route=%2Fwp%2Fv2%2Fmedia&parent=1944"}],"wp:term":[{"taxonomy":"category","embeddable":true,"href":"https:\/\/www.elregional.cl\/index.php?rest_route=%2Fwp%2Fv2%2Fcategories&post=1944"},{"taxonomy":"post_tag","embeddable":true,"href":"https:\/\/www.elregional.cl\/index.php?rest_route=%2Fwp%2Fv2%2Ftags&post=1944"}],"curies":[{"name":"wp","href":"https:\/\/api.w.org\/{rel}","templated":true}]}}