{"id":1956,"date":"2024-10-29T10:54:43","date_gmt":"2024-10-29T10:54:43","guid":{"rendered":"https:\/\/www.elregional.cl\/?p=1956"},"modified":"2024-10-29T10:54:43","modified_gmt":"2024-10-29T10:54:43","slug":"pdi-detuvo-a-venezolano-autor-de-homicidio-en-coquimbo","status":"publish","type":"post","link":"https:\/\/www.elregional.cl\/?p=1956","title":{"rendered":"PDI detuvo a venezolano autor de homicidio en Coquimbo."},"content":{"rendered":"<p><em>Detectives de la Brigada de Homicidios La Serena concretaron la detenci\u00f3n de un ciudadano extranjero de 39 a\u00f1os, tras reunir una serie de evidencias que lo posicionan como autor del homicidio de un hombre de 35 a\u00f1os, de nacionalidad chilena, ocurrido el pasado 13 de abril, en Coquimbo.<\/em><\/p>\n<p>\u201cNuestro personal especializado desarroll\u00f3 la investigaci\u00f3n en conjunto con el Ministerio P\u00fablico por el homicidio de un vecino del sector Baquedano, agredido en el antejard\u00edn de su domicilio, con un arma cortante, provocando las lesiones que le costaron la vida. Mediante diversas t\u00e9cnicas de an\u00e1lisis criminal e inteligencia policial nuestros detectives ubican su paradero y proceden con la detenci\u00f3n durante esta tarde\u201d, se\u00f1al\u00f3 el subprefecto Jos\u00e9 C\u00e1ceres, jefe de la Brigada de Homicidios La Serena.<\/p>\n<p>El imputado de nacionalidad venezolana, ser\u00e1 puesto a disposici\u00f3n de la fiscal\u00eda de Coquimbo en la jornada de este martes 29 de octubre, para el control de detenci\u00f3n en el\u00a0<a title=\"\" href=\"https:\/\/www.pjud.cl\/prensa-y-comunicaciones\/noticias-del-poder-judicial\/74228\" target=\"_blank\" rel=\"noopener nofollow\">Juzgado de Garant\u00eda<\/a>\u00a0de la comuna porte\u00f1a, donde se espera el desarrollo de la audiencia para la formalizaci\u00f3n por este homicidio, con arma cortante.<\/p>\n<p>Serenaonline.cl<\/p>\n","protected":false},"excerpt":{"rendered":"<p>Detectives de la Brigada de Homicidios La Serena concretaron la detenci\u00f3n de un ciudadano extranjero de 39 a\u00f1os, tras reunir una serie de evidencias que lo posicionan como autor del homicidio de un hombre de 35 a\u00f1os, de nacionalidad chilena, ocurrido el pasado 13 de abril, en Coquimbo. \u201cNuestro personal especializado desarroll\u00f3 la investigaci\u00f3n en &hellip;<\/p>\n","protected":false},"author":2,"featured_media":0,"comment_status":"closed","ping_status":"closed","sticky":false,"template":"","format":"standard","meta":{"footnotes":""},"categories":[13],"tags":[],"class_list":["post-1956","post","type-post","status-publish","format-standard","hentry","category-coquimbo"],"_links":{"self":[{"href":"https:\/\/www.elregional.cl\/index.php?rest_route=\/wp\/v2\/posts\/1956","targetHints":{"allow":["GET"]}}],"collection":[{"href":"https:\/\/www.elregional.cl\/index.php?rest_route=\/wp\/v2\/posts"}],"about":[{"href":"https:\/\/www.elregional.cl\/index.php?rest_route=\/wp\/v2\/types\/post"}],"author":[{"embeddable":true,"href":"https:\/\/www.elregional.cl\/index.php?rest_route=\/wp\/v2\/users\/2"}],"replies":[{"embeddable":true,"href":"https:\/\/www.elregional.cl\/index.php?rest_route=%2Fwp%2Fv2%2Fcomments&post=1956"}],"version-history":[{"count":1,"href":"https:\/\/www.elregional.cl\/index.php?rest_route=\/wp\/v2\/posts\/1956\/revisions"}],"predecessor-version":[{"id":1958,"href":"https:\/\/www.elregional.cl\/index.php?rest_route=\/wp\/v2\/posts\/1956\/revisions\/1958"}],"wp:attachment":[{"href":"https:\/\/www.elregional.cl\/index.php?rest_route=%2Fwp%2Fv2%2Fmedia&parent=1956"}],"wp:term":[{"taxonomy":"category","embeddable":true,"href":"https:\/\/www.elregional.cl\/index.php?rest_route=%2Fwp%2Fv2%2Fcategories&post=1956"},{"taxonomy":"post_tag","embeddable":true,"href":"https:\/\/www.elregional.cl\/index.php?rest_route=%2Fwp%2Fv2%2Ftags&post=1956"}],"curies":[{"name":"wp","href":"https:\/\/api.w.org\/{rel}","templated":true}]}}