{"id":1964,"date":"2024-10-29T12:48:40","date_gmt":"2024-10-29T12:48:40","guid":{"rendered":"https:\/\/www.elregional.cl\/?p=1964"},"modified":"2024-10-29T12:48:40","modified_gmt":"2024-10-29T12:48:40","slug":"desempleo-fue-de-87-en-el-trimestre-julio-septiembre-cifra-representa-un-descenso-de-02-punto-en-12-meses","status":"publish","type":"post","link":"https:\/\/www.elregional.cl\/?p=1964","title":{"rendered":"Desempleo fue de 8,7% en el trimestre julio septiembre Cifra representa un descenso de 0,2 punto en 12 meses."},"content":{"rendered":"<p>&nbsp;<\/p>\n<p>Personas ocupadas informales aumentaron 3,6%.<\/p>\n<p>La tasa de desocupaci\u00f3n en Chile durante el trimestre julio-septiembre de 2024 se ubic\u00f3 en 8,7%, seg\u00fan inform\u00f3 esta jornada el Instituto Nacional de Estad\u00edsticas (INE).<\/p>\n<p>La cifra represent\u00f3 un descenso de 0,2 punto en 12 meses a ra\u00edz del alza de la fuerza del trabajo (2,2%) fue menor a las personas ocupadas (2,4%).<br \/>\nLas personas desocupadas aumentaron 0,3%, incididas \u00fanicamente por aquellas que buscan trabajo por primera vez (4,2%).<br \/>\nRespecto del mismo lapso de 2024 las tasas de participaci\u00f3n y ocupaci\u00f3n se ubicaron en 61,7% y6 56,3%, respectivamente, con un crecimiento de 0,8 punto en ambos casos.<br \/>\nPara las mujeres la tasa de desocupaci\u00f3n fue de 9,2%, sin variaci\u00f3n en 12 meses. Las desocupadas crecieron 3,3% en tanto que las tasas de participaci\u00f3n y ocupaci\u00f3n femeninas fueron de 52,6% y 47,7%, con alzas de 0,9 punto y 0,8 punto, respectivamente. Las mujeres fuera de la fuerza de trabajo, en tanto, descendieron 1,0%.<br \/>\nEn el caso de los hombres la desocupaci\u00f3n fue de 8,4% con una ca\u00edda de 0,3 punto en 12 meses, y con una baja de 2,1% de los desocupados. Las tasas de participaci\u00f3n y ocupaci\u00f3n de los hombres fueron de 71,3% y 65,3% con variaciones de 0,7 punto y 0,9 punto, respectivamente. Los hombres fuera de la fuerza de trabajo se redujeron en 1,4%.<br \/>\nLa estimaci\u00f3n del total de personas ocupadas tuvo un alza de 2,4% en 12 meses y los sectores que m\u00e1s contribuyeron al aumento de la poblaci\u00f3n ocupada fueron el comercio, la ense\u00f1anza y alojamiento y servicio de comidas.<br \/>\nLa tasa de ocupaci\u00f3n informal lleg\u00f3 a 27,0% con un alza de 0,3 punto en un a\u00f1o.<\/p>\n<p>Soychile.cl<\/p>\n","protected":false},"excerpt":{"rendered":"<p>&nbsp; Personas ocupadas informales aumentaron 3,6%. La tasa de desocupaci\u00f3n en Chile durante el trimestre julio-septiembre de 2024 se ubic\u00f3 en 8,7%, seg\u00fan inform\u00f3 esta jornada el Instituto Nacional de Estad\u00edsticas (INE). La cifra represent\u00f3 un descenso de 0,2 punto en 12 meses a ra\u00edz del alza de la fuerza del trabajo (2,2%) fue menor &hellip;<\/p>\n","protected":false},"author":2,"featured_media":0,"comment_status":"closed","ping_status":"closed","sticky":false,"template":"","format":"standard","meta":{"footnotes":""},"categories":[3],"tags":[],"class_list":["post-1964","post","type-post","status-publish","format-standard","hentry","category-pais"],"_links":{"self":[{"href":"https:\/\/www.elregional.cl\/index.php?rest_route=\/wp\/v2\/posts\/1964","targetHints":{"allow":["GET"]}}],"collection":[{"href":"https:\/\/www.elregional.cl\/index.php?rest_route=\/wp\/v2\/posts"}],"about":[{"href":"https:\/\/www.elregional.cl\/index.php?rest_route=\/wp\/v2\/types\/post"}],"author":[{"embeddable":true,"href":"https:\/\/www.elregional.cl\/index.php?rest_route=\/wp\/v2\/users\/2"}],"replies":[{"embeddable":true,"href":"https:\/\/www.elregional.cl\/index.php?rest_route=%2Fwp%2Fv2%2Fcomments&post=1964"}],"version-history":[{"count":1,"href":"https:\/\/www.elregional.cl\/index.php?rest_route=\/wp\/v2\/posts\/1964\/revisions"}],"predecessor-version":[{"id":1966,"href":"https:\/\/www.elregional.cl\/index.php?rest_route=\/wp\/v2\/posts\/1964\/revisions\/1966"}],"wp:attachment":[{"href":"https:\/\/www.elregional.cl\/index.php?rest_route=%2Fwp%2Fv2%2Fmedia&parent=1964"}],"wp:term":[{"taxonomy":"category","embeddable":true,"href":"https:\/\/www.elregional.cl\/index.php?rest_route=%2Fwp%2Fv2%2Fcategories&post=1964"},{"taxonomy":"post_tag","embeddable":true,"href":"https:\/\/www.elregional.cl\/index.php?rest_route=%2Fwp%2Fv2%2Ftags&post=1964"}],"curies":[{"name":"wp","href":"https:\/\/api.w.org\/{rel}","templated":true}]}}