{"id":2013,"date":"2024-11-02T07:53:02","date_gmt":"2024-11-02T07:53:02","guid":{"rendered":"https:\/\/www.elregional.cl\/?p=2013"},"modified":"2024-11-02T07:53:02","modified_gmt":"2024-11-02T07:53:02","slug":"los-muertos-por-el-temporal-en-el-este-de-espana-aumentan-a-205","status":"publish","type":"post","link":"https:\/\/www.elregional.cl\/?p=2013","title":{"rendered":"Los muertos por el temporal en el este de Espa\u00f1a aumentan a 205"},"content":{"rendered":"<p>El procedimiento que se ha establecido es que, una vez identificados los cuerpos, los juzgados van a contactar desde hoy mismo con los familiares que hayan comunicado sus desapariciones.<\/p>\n<p>El n\u00famero de muertos por el temporal en el este de Espa\u00f1a aument\u00f3 a 205, de los que 202 son ya en la provincia de Valencia, seg\u00fan inform\u00f3 este viernes el Centro de Emergencias de la Generalitat Valenciana (gobierno regional).<br \/>\nSon 47 personas fallecidas m\u00e1s que el recuento anterior, que se hab\u00eda establecido este jueves en 158, 155 de ellas en Valencia, pero la cifra sigue siendo provisional, ya que contin\u00faa el proceso de levantamiento e identificaci\u00f3n de los cad\u00e1veres.<br \/>\nAdem\u00e1s de los fallecidos en Valencia, hubo dos muertos en la regi\u00f3n de Castilla-La Mancha y uno en Andaluc\u00eda.<br \/>\nUn gran n\u00famero de fallecidos en Valencia corresponde a la localidad de Paiporta (62 seg\u00fan los \u00faltimos datos facilitados), y desde este viernes est\u00e1n llegando al pabell\u00f3n habilitado en el recinto de la Feria de Valencia los cad\u00e1veres a los que ya se les practic\u00f3 la autopsia y fueron identificados, donde se custodian antes de que se entreguen a las familias.<br \/>\nEl procedimiento que se ha establecido es que, una vez identificados los cuerpos, los juzgados van a contactar desde hoy mismo con los familiares que hayan comunicado sus desapariciones para notificarles la defunci\u00f3n y expedir la documentaci\u00f3n que permitir\u00e1 a sus funerarias o sus compa\u00f1\u00edas de seguros acudir al recinto ferial a hacerse cargo de los cuerpos.<\/p>\n<p>Fuente: https:\/\/www.soychile.cl\/santiago\/internacional\/2024\/11\/01\/882727\/temporal-espana-desaparecidos.html<br \/>\nSitio:Soychile.cl<\/p>\n","protected":false},"excerpt":{"rendered":"<p>El procedimiento que se ha establecido es que, una vez identificados los cuerpos, los juzgados van a contactar desde hoy mismo con los familiares que hayan comunicado sus desapariciones. El n\u00famero de muertos por el temporal en el este de Espa\u00f1a aument\u00f3 a 205, de los que 202 son ya en la provincia de Valencia, &hellip;<\/p>\n","protected":false},"author":2,"featured_media":0,"comment_status":"closed","ping_status":"closed","sticky":false,"template":"","format":"standard","meta":{"footnotes":""},"categories":[4],"tags":[],"class_list":["post-2013","post","type-post","status-publish","format-standard","hentry","category-mundo"],"_links":{"self":[{"href":"https:\/\/www.elregional.cl\/index.php?rest_route=\/wp\/v2\/posts\/2013","targetHints":{"allow":["GET"]}}],"collection":[{"href":"https:\/\/www.elregional.cl\/index.php?rest_route=\/wp\/v2\/posts"}],"about":[{"href":"https:\/\/www.elregional.cl\/index.php?rest_route=\/wp\/v2\/types\/post"}],"author":[{"embeddable":true,"href":"https:\/\/www.elregional.cl\/index.php?rest_route=\/wp\/v2\/users\/2"}],"replies":[{"embeddable":true,"href":"https:\/\/www.elregional.cl\/index.php?rest_route=%2Fwp%2Fv2%2Fcomments&post=2013"}],"version-history":[{"count":1,"href":"https:\/\/www.elregional.cl\/index.php?rest_route=\/wp\/v2\/posts\/2013\/revisions"}],"predecessor-version":[{"id":2015,"href":"https:\/\/www.elregional.cl\/index.php?rest_route=\/wp\/v2\/posts\/2013\/revisions\/2015"}],"wp:attachment":[{"href":"https:\/\/www.elregional.cl\/index.php?rest_route=%2Fwp%2Fv2%2Fmedia&parent=2013"}],"wp:term":[{"taxonomy":"category","embeddable":true,"href":"https:\/\/www.elregional.cl\/index.php?rest_route=%2Fwp%2Fv2%2Fcategories&post=2013"},{"taxonomy":"post_tag","embeddable":true,"href":"https:\/\/www.elregional.cl\/index.php?rest_route=%2Fwp%2Fv2%2Ftags&post=2013"}],"curies":[{"name":"wp","href":"https:\/\/api.w.org\/{rel}","templated":true}]}}