{"id":2079,"date":"2024-11-06T01:49:49","date_gmt":"2024-11-06T01:49:49","guid":{"rendered":"https:\/\/www.elregional.cl\/?p=2079"},"modified":"2024-11-06T01:49:49","modified_gmt":"2024-11-06T01:49:49","slug":"zverev-gana-torneo-master-1000-de-paris-y-se-convierte-en-el-2-del-mundo","status":"publish","type":"post","link":"https:\/\/www.elregional.cl\/?p=2079","title":{"rendered":"Zverev gana torn\u00e9o master 1000 de Par\u00eds y se convierte en el 2\u00b0 del mundo."},"content":{"rendered":"<p><strong>El alem\u00e1n Alexander Zverev (3\u00b0 ATP) se coron\u00f3 campe\u00f3n del Masters 1000 de Par\u00eds-Bercy<\/strong>, al derrotar c\u00f3modamente al franc\u00e9s Ugo Humbert (18\u00b0 ATP) en sets corridos.<\/p>\n<p>Desde el principio del encuentro se vio una clara superioridad de \u2018Sascha\u2019,\u00a0<strong>quien hizo valer su experiencia en este tipo de instancias ante un rival que jugaba por primera vez una final de esta categor\u00eda<\/strong>. De esta forma, el alem\u00e1n logr\u00f3 quebrar dos veces seguidas en el primer set para llev\u00e1rselo por 6-2.<\/p>\n<p>En la segunda manga, el tr\u00e1mite fue muy similar, con\u00a0<strong>el oriundo de Hamburgo logrando romper el servicio de Humbert r\u00e1pidamente para manejar con su servicio el partido<\/strong>\u00a0y rematar con un segundo quiebre para llevarse su s\u00e9ptimo trofeo de Masters 1000.<\/p>\n<p>De esta forma,\u00a0<strong>Zverev, de 27 a\u00f1os, logr\u00f3 desplazar a Carlos Alcaraz en la segunda posici\u00f3n del r\u00e1nking ATP<\/strong>, volviendo a alcanzar su mejor r\u00e1nking en el escalaf\u00f3n mundial.<\/p>\n","protected":false},"excerpt":{"rendered":"<p>El alem\u00e1n Alexander Zverev (3\u00b0 ATP) se coron\u00f3 campe\u00f3n del Masters 1000 de Par\u00eds-Bercy, al derrotar c\u00f3modamente al franc\u00e9s Ugo Humbert (18\u00b0 ATP) en sets corridos. Desde el principio del encuentro se vio una clara superioridad de \u2018Sascha\u2019,\u00a0quien hizo valer su experiencia en este tipo de instancias ante un rival que jugaba por primera vez &hellip;<\/p>\n","protected":false},"author":2,"featured_media":0,"comment_status":"closed","ping_status":"closed","sticky":false,"template":"","format":"standard","meta":{"footnotes":""},"categories":[5],"tags":[],"class_list":["post-2079","post","type-post","status-publish","format-standard","hentry","category-deportes"],"_links":{"self":[{"href":"https:\/\/www.elregional.cl\/index.php?rest_route=\/wp\/v2\/posts\/2079","targetHints":{"allow":["GET"]}}],"collection":[{"href":"https:\/\/www.elregional.cl\/index.php?rest_route=\/wp\/v2\/posts"}],"about":[{"href":"https:\/\/www.elregional.cl\/index.php?rest_route=\/wp\/v2\/types\/post"}],"author":[{"embeddable":true,"href":"https:\/\/www.elregional.cl\/index.php?rest_route=\/wp\/v2\/users\/2"}],"replies":[{"embeddable":true,"href":"https:\/\/www.elregional.cl\/index.php?rest_route=%2Fwp%2Fv2%2Fcomments&post=2079"}],"version-history":[{"count":1,"href":"https:\/\/www.elregional.cl\/index.php?rest_route=\/wp\/v2\/posts\/2079\/revisions"}],"predecessor-version":[{"id":2081,"href":"https:\/\/www.elregional.cl\/index.php?rest_route=\/wp\/v2\/posts\/2079\/revisions\/2081"}],"wp:attachment":[{"href":"https:\/\/www.elregional.cl\/index.php?rest_route=%2Fwp%2Fv2%2Fmedia&parent=2079"}],"wp:term":[{"taxonomy":"category","embeddable":true,"href":"https:\/\/www.elregional.cl\/index.php?rest_route=%2Fwp%2Fv2%2Fcategories&post=2079"},{"taxonomy":"post_tag","embeddable":true,"href":"https:\/\/www.elregional.cl\/index.php?rest_route=%2Fwp%2Fv2%2Ftags&post=2079"}],"curies":[{"name":"wp","href":"https:\/\/api.w.org\/{rel}","templated":true}]}}