{"id":2138,"date":"2024-11-08T07:37:39","date_gmt":"2024-11-08T07:37:39","guid":{"rendered":"https:\/\/www.elregional.cl\/?p=2138"},"modified":"2024-11-08T07:37:39","modified_gmt":"2024-11-08T07:37:39","slug":"la-serena-se-ubica-entre-los-destinos-de-latinoamerica-que-seran-tendencia-este-verano-2025","status":"publish","type":"post","link":"https:\/\/www.elregional.cl\/?p=2138","title":{"rendered":"La Serena se ubica entre los destinos de Latinoam\u00e9rica que ser\u00e1n tendencia este verano 2025"},"content":{"rendered":"<header id=\"masthead\" class=\"sticky top-0 z-50 text-white \">\n<div class=\"block text-white md:hidden bg-brand-300 social-icons-mobile\">\n<p>Por: Nicole Donoso<\/p>\n<\/div>\n<\/header>\n<section class=\"main-content\">\n<div class=\"container pb-10 mx-auto md:max-w-[1140px]\">\n<div class=\"grid-cols-4 gap-4 md:grid\">\n<div class=\"col-span-3\">\n<article>\n<div class=\"px-10 py-6 text-lg text-gray-700 bg-gray-100 border-l-4 border-brand-300\">El norte de Chile junto a otros destinos de Latinoam\u00e9rica encabezan la lista de los destinos m\u00e1s atractivos para este verano.<\/div>\n<div class=\"flex items-center justify-center my-4 md:hidden\">\n<div id=\"div-gpt-ad-1625496708573-0\" data-google-query-id=\"COrssvWazIkDFbxIuAQdo18gsA\">\n<div id=\"google_ads_iframe_\/133317178\/ELDESCONCIERTO\/M.1x1.VideoContext_0__container__\"><img loading=\"lazy\" decoding=\"async\" class=\"alignnone size-medium wp-image-2139\" src=\"https:\/\/www.elregional.cl\/wp-content\/uploads\/2024\/11\/Vacaciones-300x187.jpeg\" alt=\"\" width=\"300\" height=\"187\" \/><\/div>\n<\/div>\n<div id=\"div-gpt-ad-1625083652008-0\" data-google-query-id=\"COuYtPWazIkDFbxIuAQdo18gsA\">\n<div id=\"google_ads_iframe_\/133317178\/ELDESCONCIERTO\/M.300x250.1_0__container__\"><\/div>\n<\/div>\n<\/div>\n<div class=\"single-post__content\">\n<p>De acuerdo con el estudio Bar\u00f3metro desarrollado por Viajala.cl,\u00a0<strong>un destino nacional y otros dos internacionales conforman el top 3 de los siete que ser\u00e1n tendencias de viaje para este 2025,<\/strong>\u00a0todos estos han presentado una disminuci\u00f3n en el precio de los vuelos ida y vuelta.<\/p>\n<div id=\"related-post related-post-114201\" class=\"content-type content-type--related-post\">\n<h3 class=\"!text-lg font-bold related-post\"><\/h3>\n<\/div>\n<h3>Los destinos tendencias 2025<\/h3>\n<h4><strong>La Serena<\/strong><\/h4>\n<p>Este destino ocup\u00f3 el primer lugar a nivel nacional, registrando precios de hasta un\u00a011% m\u00e1s bajos en boletos en avi\u00f3n ida y vuelta, en comparaci\u00f3n a 2023.<\/p>\n<div class=\"playerAds\"><\/div>\n<p>De hecho, las rutas nacionales que m\u00e1s han bajados sus precios (23%) constituyen los vuelos que van de alg\u00fan lugar del norte de chile a\u00a0<a href=\"https:\/\/eldesconcierto.cl\/search\/la%20serena\" target=\"_blank\" rel=\"noopener\">La Serena.<\/a><\/p>\n<p>Por ejemplo, el vuelo ida y vuelta de Antofagasta a La Serena baj\u00f3 de $63.666\u00a0a $49.256, mientras que la ruta de Calama a La Serena registr\u00f3 una disminuci\u00f3n similar de $51.969 a $39.961.<\/p>\n<p>Antecedentes que convierten a esta ciudad en un destino atractivo para los turistas, de hecho es el cuarto destino tur\u00edstico nacional con mayor n\u00famero de viajeros totales con pernoctaci\u00f3n recibidos entre enero y julio de este a\u00f1o, seg\u00fan datos del gobierno.<\/p>\n<p>Por otro lado, se ha experimentado una baja en la popularidad de La Serena que se ha traducido en una disminuci\u00f3n del alojamiento tur\u00edstico de un 28,5% en la Regi\u00f3n de Coquimbo, seg\u00fan los datos publicados por la Direcci\u00f3n Regional del Instituto Nacional de Estad\u00edsticas (INE).<\/p>\n<p>En consecuencia, al existir una demanda m\u00e1s baja de lo normal \u00abpuede ayudar al viajero a ahorrar, ya que propicia descuentos y precios m\u00e1s atractivos en alojamiento y tours, lo cual es m\u00e1s raro cuando la demanda es alta\u00bb, comenta Thomas Allier, CEO de la empresa que hizo el estudio.<\/p>\n<h4>Montevideo<\/h4>\n<p>Seg\u00fan el mismo estudio, la\u00a0<a href=\"https:\/\/eldesconcierto.cl\/search\/Montevideo\" target=\"_blank\" rel=\"noopener\">capital uruguaya<\/a>\u00a0present\u00f3 precios un 16% m\u00e1s bajos entre el a\u00f1o pasado y este.<\/p>\n<p>En promedio, un boleto de avi\u00f3n ida y vuelta para viajar a Montevideo desde Chile baj\u00f3 desde $227.757 en 2023 a $190.956 en 2024.<\/p>\n<h3>Brasil<\/h3>\n<p>El destino n\u00famero 3 de la lista lo compone\u00a0<a href=\"https:\/\/eldesconcierto.cl\/search\/Brasil\" target=\"_blank\" rel=\"noopener\">Brasil,<\/a>\u00a0espec\u00edficamente S\u00e3o Paulo y Florian\u00f3polis. Ambos destinos presentaron vuelos un 15% m\u00e1s barato en 2024.<\/p>\n<p>El primero registr\u00f3 una disminuci\u00f3n desde $198.229 a $168.913, en promedio.<\/p>\n<p>En tanto, Florian\u00f3polis registr\u00f3 una baja de $259.672 a $221.375, en promedio.<\/p>\n<p>La lista de destinos tendencias 2025 sigue con:<\/p>\n<ul>\n<li>Medell\u00edn (Colombia), un 10% m\u00e1s barato en 2024 (de $321.041 a $289.068, en promedio)<\/li>\n<li>Miami, Orlando y Nueva York subieron de precio este a\u00f1o, sobre todo el primero que revel\u00f3 un aumento del 26% respecto a 2023<\/li>\n<li>Europa contin\u00faa estable en cuanto a precios, sin embargo aumentaron su popularidad destinos como Madrid y Roma<\/li>\n<\/ul>\n<\/div>\n<\/article>\n<\/div>\n<\/div>\n<\/div>\n<\/section>\n","protected":false},"excerpt":{"rendered":"<p>Por: Nicole Donoso El norte de Chile junto a otros destinos de Latinoam\u00e9rica encabezan la lista de los destinos m\u00e1s atractivos para este verano. De acuerdo con el estudio Bar\u00f3metro desarrollado por Viajala.cl,\u00a0un destino nacional y otros dos internacionales conforman el top 3 de los siete que ser\u00e1n tendencias de viaje para este 2025,\u00a0todos estos &hellip;<\/p>\n","protected":false},"author":2,"featured_media":0,"comment_status":"closed","ping_status":"closed","sticky":false,"template":"","format":"standard","meta":{"footnotes":""},"categories":[3],"tags":[],"class_list":["post-2138","post","type-post","status-publish","format-standard","hentry","category-pais"],"_links":{"self":[{"href":"https:\/\/www.elregional.cl\/index.php?rest_route=\/wp\/v2\/posts\/2138","targetHints":{"allow":["GET"]}}],"collection":[{"href":"https:\/\/www.elregional.cl\/index.php?rest_route=\/wp\/v2\/posts"}],"about":[{"href":"https:\/\/www.elregional.cl\/index.php?rest_route=\/wp\/v2\/types\/post"}],"author":[{"embeddable":true,"href":"https:\/\/www.elregional.cl\/index.php?rest_route=\/wp\/v2\/users\/2"}],"replies":[{"embeddable":true,"href":"https:\/\/www.elregional.cl\/index.php?rest_route=%2Fwp%2Fv2%2Fcomments&post=2138"}],"version-history":[{"count":1,"href":"https:\/\/www.elregional.cl\/index.php?rest_route=\/wp\/v2\/posts\/2138\/revisions"}],"predecessor-version":[{"id":2140,"href":"https:\/\/www.elregional.cl\/index.php?rest_route=\/wp\/v2\/posts\/2138\/revisions\/2140"}],"wp:attachment":[{"href":"https:\/\/www.elregional.cl\/index.php?rest_route=%2Fwp%2Fv2%2Fmedia&parent=2138"}],"wp:term":[{"taxonomy":"category","embeddable":true,"href":"https:\/\/www.elregional.cl\/index.php?rest_route=%2Fwp%2Fv2%2Fcategories&post=2138"},{"taxonomy":"post_tag","embeddable":true,"href":"https:\/\/www.elregional.cl\/index.php?rest_route=%2Fwp%2Fv2%2Ftags&post=2138"}],"curies":[{"name":"wp","href":"https:\/\/api.w.org\/{rel}","templated":true}]}}