{"id":22,"date":"2024-07-23T15:41:08","date_gmt":"2024-07-23T15:41:08","guid":{"rendered":"https:\/\/www.elregional.cl\/?p=22"},"modified":"2024-07-23T15:41:08","modified_gmt":"2024-07-23T15:41:08","slug":"manipuladoras-de-alimentos-convocan-a-paro-nacional-tras-no-pago-de-finiquitos","status":"publish","type":"post","link":"https:\/\/www.elregional.cl\/?p=22","title":{"rendered":"Manipuladoras de alimentos convocan a paro nacional tras no pago de finiquitos"},"content":{"rendered":"<p>La Confederaci\u00f3n Nacional de Trabajadoras del Programa de Alimentaci\u00f3n Escolar (Confetrap) anunci\u00f3 un paro nacional e indefinido a partir de este martes, debido al no pago de la segunda cuota del finiquito a m\u00e1s de 4.500 manipuladoras de alimentos desvinculadas de la empresa Las Lagunas, que prestaba servicios a la Junta Nacional de Auxilio Escolar y Becas (Junaeb).<\/p>\n<p>Las trabajadoras se\u00f1alaron que el pago del finiquito estaba dividido en dos etapas: una en marzo y otra programada para el domingo 21 de julio, la cual no se realiz\u00f3. Cecilia Preiler, secretaria del Sindicato PAE, afirm\u00f3: \u201cAvisaron que no hay pago. No tienen plata, as\u00ed de simple. No es justo que nuestras socias se queden sin el pago de sus finiquitos\u201d.<\/p>\n<p>Tras una reuni\u00f3n sin acuerdo con representantes de Junaeb, las trabajadoras decidieron convocar a una paralizaci\u00f3n a nivel nacional. Desde las 06:00 horas del lunes, se concentraron en distintos puntos de la avenida Am\u00e9rico Vespucio, en las comunas de La Florida, Pe\u00f1alol\u00e9n y Recoleta, manifest\u00e1ndose con pancartas, c\u00e1nticos y barricadas.<\/p>\n<p>Preisler explic\u00f3 desde La Florida: \u201cEstamos manifest\u00e1ndonos por el no pago de los finiquitos de nuestras socias\u201d. Las trabajadoras exhib\u00edan consignas como \u201cJunaeb hazte cargo, queremos nuestra plata\u201d en sus carteles.<\/p>\n","protected":false},"excerpt":{"rendered":"<p>La Confederaci\u00f3n Nacional de Trabajadoras del Programa de Alimentaci\u00f3n Escolar (Confetrap) anunci\u00f3 un paro nacional e indefinido a partir de este martes, debido al no pago de la segunda cuota del finiquito a m\u00e1s de 4.500 manipuladoras de alimentos desvinculadas de la empresa Las Lagunas, que prestaba servicios a la Junta Nacional de Auxilio Escolar &hellip;<\/p>\n","protected":false},"author":1,"featured_media":0,"comment_status":"closed","ping_status":"closed","sticky":false,"template":"","format":"standard","meta":{"footnotes":""},"categories":[3],"tags":[],"class_list":["post-22","post","type-post","status-publish","format-standard","hentry","category-pais"],"_links":{"self":[{"href":"https:\/\/www.elregional.cl\/index.php?rest_route=\/wp\/v2\/posts\/22","targetHints":{"allow":["GET"]}}],"collection":[{"href":"https:\/\/www.elregional.cl\/index.php?rest_route=\/wp\/v2\/posts"}],"about":[{"href":"https:\/\/www.elregional.cl\/index.php?rest_route=\/wp\/v2\/types\/post"}],"author":[{"embeddable":true,"href":"https:\/\/www.elregional.cl\/index.php?rest_route=\/wp\/v2\/users\/1"}],"replies":[{"embeddable":true,"href":"https:\/\/www.elregional.cl\/index.php?rest_route=%2Fwp%2Fv2%2Fcomments&post=22"}],"version-history":[{"count":1,"href":"https:\/\/www.elregional.cl\/index.php?rest_route=\/wp\/v2\/posts\/22\/revisions"}],"predecessor-version":[{"id":24,"href":"https:\/\/www.elregional.cl\/index.php?rest_route=\/wp\/v2\/posts\/22\/revisions\/24"}],"wp:attachment":[{"href":"https:\/\/www.elregional.cl\/index.php?rest_route=%2Fwp%2Fv2%2Fmedia&parent=22"}],"wp:term":[{"taxonomy":"category","embeddable":true,"href":"https:\/\/www.elregional.cl\/index.php?rest_route=%2Fwp%2Fv2%2Fcategories&post=22"},{"taxonomy":"post_tag","embeddable":true,"href":"https:\/\/www.elregional.cl\/index.php?rest_route=%2Fwp%2Fv2%2Ftags&post=22"}],"curies":[{"name":"wp","href":"https:\/\/api.w.org\/{rel}","templated":true}]}}