{"id":2295,"date":"2024-11-15T10:25:39","date_gmt":"2024-11-15T10:25:39","guid":{"rendered":"https:\/\/www.elregional.cl\/?p=2295"},"modified":"2024-11-15T10:26:39","modified_gmt":"2024-11-15T10:26:39","slug":"funcionarios-de-dgac-confirman-ralentizacion-indefinida-en-aeropuertos-del-pais-para-este-viernes","status":"publish","type":"post","link":"https:\/\/www.elregional.cl\/?p=2295","title":{"rendered":"Funcionarios de DGAC confirman \u201cralentizaci\u00f3n indefinida\u201d en aeropuertos del pa\u00eds para este viernes"},"content":{"rendered":"<header class=\"js-link-static | main-header\">\n<div class=\"main-header__wrapper main-header-wrapper | desktop:padding-block-20 mobile:padding-block-16\">\n<div class=\"main-header-wrapper__container | u-container\">\n<div class=\"main-header-wrapper__group main-header-group\">\n<div class=\"main-header__mobile-search main-header-mobile-search | u-hide-in-desktop\"><\/div>\n<\/div>\n<\/div>\n<\/div>\n<\/header>\n<div class=\"js-content-static\">\n<div class=\"js_main_content\">\n<p>&nbsp;<\/p>\n<div class=\"main__container | u-container\">\n<div id=\"senal_superior_single\"><\/div>\n<article class=\"main-article | mobile:margin-block-end-20 desktop:margin-block-end-104\">\n<header class=\"main-article__header | all:margin-block-end-24\">\n<div class=\"main-article__socials main-article-socials | all:margin-block-start-4\">Este jueves los trabajadores de la Direcci\u00f3n de Aeron\u00e1utica Civil (DGAC) confirmaron que este viernes 15 de noviembre iniciar\u00e1 una<strong>\u00a0\u201cralentizaci\u00f3n indefinida\u201d de sus servicios en todos los aeropuertos del pa\u00eds.<\/strong><\/div>\n<\/header>\n<div class=\"main-article__body main-layout\">\n<section class=\"main-article__content main-layout__item\">\n<div class=\"main-article__text main-article-text | js-content-post | all:margin-block-start-20 all:margin-block-end-24\">\n<p>La situaci\u00f3n implicar\u00e1 que los servicios en aeropuertos no ser\u00e1n suspendidos, pero si se ver\u00e1n ralentizados, por lo que se registrar\u00e1 un aumento en el flujo de pasajeros que\u00a0<strong>no podr\u00e1n abordar sus vuelos a la hora indicada en terminales.<\/strong><\/p>\n<p>De esta manera, la Asociaci\u00f3n de los Sindicatos de la DGAC comunic\u00f3 al Ministerio de Defensa que\u00a0<strong>las negociaciones entre asociaciones y el gobierno no lograron llegar a un acuerdo.<\/strong><\/p>\n<p>En concreto, la Asociaci\u00f3n buscaba un acuerdo respecto de un bono universal permanente, sin embargo,<strong>\u00a0la propuesta presentada desde el Ejecutivo no fue satisfactoria.<\/strong><\/p>\n<p>Dicha propuesta, a juicio de los trabajadores de la DGAC no atiende \u201c<strong>la estrechez fiscal p\u00fablicamente conocida<\/strong>, pese a ser uno de los servicios p\u00fablicos con mayores remuneraciones y beneficios\u201d.<\/p>\n<p>\u201cEl llamado a la autoridad es a\u00a0<span class=\"destacador destacado\">detener las movilizaciones y negociar una soluci\u00f3n realista<\/span>\u00a0que\u00a0<strong>permita su sostenibilidad en el tiempo\u201d,<\/strong> sostuvo la asamblea<\/p>\n<p><img loading=\"lazy\" decoding=\"async\" class=\"alignnone size-medium wp-image-2296\" src=\"https:\/\/www.elregional.cl\/wp-content\/uploads\/2024\/11\/foto_0000004120191020092537-300x200.jpg\" alt=\"\" width=\"300\" height=\"200\" \/><\/p>\n<\/div>\n<\/section>\n<\/div>\n<\/article>\n<\/div>\n<p>&nbsp;<\/p>\n<\/div>\n<\/div>\n","protected":false},"excerpt":{"rendered":"<p>&nbsp; Este jueves los trabajadores de la Direcci\u00f3n de Aeron\u00e1utica Civil (DGAC) confirmaron que este viernes 15 de noviembre iniciar\u00e1 una\u00a0\u201cralentizaci\u00f3n indefinida\u201d de sus servicios en todos los aeropuertos del pa\u00eds. La situaci\u00f3n implicar\u00e1 que los servicios en aeropuertos no ser\u00e1n suspendidos, pero si se ver\u00e1n ralentizados, por lo que se registrar\u00e1 un aumento en &hellip;<\/p>\n","protected":false},"author":2,"featured_media":0,"comment_status":"closed","ping_status":"closed","sticky":false,"template":"","format":"standard","meta":{"footnotes":""},"categories":[3],"tags":[],"class_list":["post-2295","post","type-post","status-publish","format-standard","hentry","category-pais"],"_links":{"self":[{"href":"https:\/\/www.elregional.cl\/index.php?rest_route=\/wp\/v2\/posts\/2295","targetHints":{"allow":["GET"]}}],"collection":[{"href":"https:\/\/www.elregional.cl\/index.php?rest_route=\/wp\/v2\/posts"}],"about":[{"href":"https:\/\/www.elregional.cl\/index.php?rest_route=\/wp\/v2\/types\/post"}],"author":[{"embeddable":true,"href":"https:\/\/www.elregional.cl\/index.php?rest_route=\/wp\/v2\/users\/2"}],"replies":[{"embeddable":true,"href":"https:\/\/www.elregional.cl\/index.php?rest_route=%2Fwp%2Fv2%2Fcomments&post=2295"}],"version-history":[{"count":2,"href":"https:\/\/www.elregional.cl\/index.php?rest_route=\/wp\/v2\/posts\/2295\/revisions"}],"predecessor-version":[{"id":2300,"href":"https:\/\/www.elregional.cl\/index.php?rest_route=\/wp\/v2\/posts\/2295\/revisions\/2300"}],"wp:attachment":[{"href":"https:\/\/www.elregional.cl\/index.php?rest_route=%2Fwp%2Fv2%2Fmedia&parent=2295"}],"wp:term":[{"taxonomy":"category","embeddable":true,"href":"https:\/\/www.elregional.cl\/index.php?rest_route=%2Fwp%2Fv2%2Fcategories&post=2295"},{"taxonomy":"post_tag","embeddable":true,"href":"https:\/\/www.elregional.cl\/index.php?rest_route=%2Fwp%2Fv2%2Ftags&post=2295"}],"curies":[{"name":"wp","href":"https:\/\/api.w.org\/{rel}","templated":true}]}}