{"id":2323,"date":"2024-11-16T18:58:11","date_gmt":"2024-11-16T18:58:11","guid":{"rendered":"https:\/\/www.elregional.cl\/?p=2323"},"modified":"2024-11-16T18:58:11","modified_gmt":"2024-11-16T18:58:11","slug":"grave-accidente-de-transito-deja-cinco-fallecidos-en-la-ruta-del-itata","status":"publish","type":"post","link":"https:\/\/www.elregional.cl\/?p=2323","title":{"rendered":"Grave accidente de tr\u00e1nsito deja cinco fallecidos en la Ruta del Itata"},"content":{"rendered":"<p>&nbsp;<\/p>\n<p>El hecho se produjo a la altura del kil\u00f3metro 4 en la comuna de Chill\u00e1n Viejo, donde chocaron de manera frontal dos autos.<\/p>\n<p>Un grave accidente se produjo en la Ruta del Itata que conecta Chill\u00e1n con Concepci\u00f3n, el que dej\u00f3 cinco fallecidos.<br \/>\nEl hecho se registr\u00f3 a la altura del kil\u00f3metro 4 en la comuna de Chill\u00e1n Viejo donde dos veh\u00edculos chocaron de manera frontal<br \/>\nEl fiscal (s) Maximiliano Medel Salazar, quien se constituy\u00f3 en el sitio del suceso, precis\u00f3 que en uno de los autom\u00f3viles, un Kia Sorento gris, falleci\u00f3 la conductora, un pasajero var\u00f3n, una pasajera mujer y un ni\u00f1o, mientras que una ni\u00f1a fue derivada al Hospital de Chill\u00e1n.<br \/>\nEn el otro veh\u00edculo, un Chevrolet Orlando gris, falleci\u00f3 el conductor, mientras que tres pasajeros, dos hombres y una mujer, fueron trasladados al citado centro asistencial.<br \/>\nEl fiscal (s) Maximiliano Medel precis\u00f3 que Carabineros de la Siat de \u00d1uble deber\u00e1 determinar la causa basal del accidente, la que se encuentra en estudio. En tanto, tambi\u00e9n concurri\u00f3 el Servicio M\u00e9dico Legal de Chill\u00e1n quienes deber\u00e1n determinar las identidades de las cinco personas<br \/>\nEn el lugar del accidente trabajaron voluntarios de Bomberos en el rescate de los cuerpos.<\/p>\n<p>Soychile.cl<\/p>\n","protected":false},"excerpt":{"rendered":"<p>&nbsp; El hecho se produjo a la altura del kil\u00f3metro 4 en la comuna de Chill\u00e1n Viejo, donde chocaron de manera frontal dos autos. Un grave accidente se produjo en la Ruta del Itata que conecta Chill\u00e1n con Concepci\u00f3n, el que dej\u00f3 cinco fallecidos. El hecho se registr\u00f3 a la altura del kil\u00f3metro 4 en &hellip;<\/p>\n","protected":false},"author":2,"featured_media":0,"comment_status":"closed","ping_status":"closed","sticky":false,"template":"","format":"standard","meta":{"footnotes":""},"categories":[3],"tags":[],"class_list":["post-2323","post","type-post","status-publish","format-standard","hentry","category-pais"],"_links":{"self":[{"href":"https:\/\/www.elregional.cl\/index.php?rest_route=\/wp\/v2\/posts\/2323","targetHints":{"allow":["GET"]}}],"collection":[{"href":"https:\/\/www.elregional.cl\/index.php?rest_route=\/wp\/v2\/posts"}],"about":[{"href":"https:\/\/www.elregional.cl\/index.php?rest_route=\/wp\/v2\/types\/post"}],"author":[{"embeddable":true,"href":"https:\/\/www.elregional.cl\/index.php?rest_route=\/wp\/v2\/users\/2"}],"replies":[{"embeddable":true,"href":"https:\/\/www.elregional.cl\/index.php?rest_route=%2Fwp%2Fv2%2Fcomments&post=2323"}],"version-history":[{"count":1,"href":"https:\/\/www.elregional.cl\/index.php?rest_route=\/wp\/v2\/posts\/2323\/revisions"}],"predecessor-version":[{"id":2325,"href":"https:\/\/www.elregional.cl\/index.php?rest_route=\/wp\/v2\/posts\/2323\/revisions\/2325"}],"wp:attachment":[{"href":"https:\/\/www.elregional.cl\/index.php?rest_route=%2Fwp%2Fv2%2Fmedia&parent=2323"}],"wp:term":[{"taxonomy":"category","embeddable":true,"href":"https:\/\/www.elregional.cl\/index.php?rest_route=%2Fwp%2Fv2%2Fcategories&post=2323"},{"taxonomy":"post_tag","embeddable":true,"href":"https:\/\/www.elregional.cl\/index.php?rest_route=%2Fwp%2Fv2%2Ftags&post=2323"}],"curies":[{"name":"wp","href":"https:\/\/api.w.org\/{rel}","templated":true}]}}