{"id":2336,"date":"2024-11-18T00:33:40","date_gmt":"2024-11-18T00:33:40","guid":{"rendered":"https:\/\/www.elregional.cl\/?p=2336"},"modified":"2024-11-18T00:33:40","modified_gmt":"2024-11-18T00:33:40","slug":"policia-maritima-de-coquimbo-rescata-a-banista-en-playa-penuelas","status":"publish","type":"post","link":"https:\/\/www.elregional.cl\/?p=2336","title":{"rendered":"Polic\u00eda Mar\u00edtima de Coquimbo rescata a ba\u00f1ista en Playa Pe\u00f1uelas"},"content":{"rendered":"<p>Durante la tarde de hoy ante un llamado de testigos personal de la Armada de Chile correspondientes a la Polic\u00eda Maritina con base en la Capitan\u00eda de Puerto de Coquimbo concurrieron hasta playa Pe\u00f1uelas para ingresar al mar y efectuar el\u00a0 rescate de un\u00a0 menor de edad de\u00a0 13 a\u00f1os\u00a0 en cual se manten\u00eda en\u00a0 riesgo de inmersi\u00f3n .<\/p>\n<p>El operativo que permiti\u00f3 rescatar a este ba\u00f1ista cont\u00f3 adem\u00e1s\u00a0 con el apoyo de\u00a0 deportistas na\u00faticos que realizaban sus actividades en el sector. Posteriormente se inform\u00f3 que el\u00a0 menor rescatado\u00a0 se mantiene Ileso.<\/p>\n","protected":false},"excerpt":{"rendered":"<p>Durante la tarde de hoy ante un llamado de testigos personal de la Armada de Chile correspondientes a la Polic\u00eda Maritina con base en la Capitan\u00eda de Puerto de Coquimbo concurrieron hasta playa Pe\u00f1uelas para ingresar al mar y efectuar el\u00a0 rescate de un\u00a0 menor de edad de\u00a0 13 a\u00f1os\u00a0 en cual se manten\u00eda en\u00a0 &hellip;<\/p>\n","protected":false},"author":2,"featured_media":0,"comment_status":"closed","ping_status":"closed","sticky":false,"template":"","format":"standard","meta":{"footnotes":""},"categories":[13],"tags":[],"class_list":["post-2336","post","type-post","status-publish","format-standard","hentry","category-coquimbo"],"_links":{"self":[{"href":"https:\/\/www.elregional.cl\/index.php?rest_route=\/wp\/v2\/posts\/2336","targetHints":{"allow":["GET"]}}],"collection":[{"href":"https:\/\/www.elregional.cl\/index.php?rest_route=\/wp\/v2\/posts"}],"about":[{"href":"https:\/\/www.elregional.cl\/index.php?rest_route=\/wp\/v2\/types\/post"}],"author":[{"embeddable":true,"href":"https:\/\/www.elregional.cl\/index.php?rest_route=\/wp\/v2\/users\/2"}],"replies":[{"embeddable":true,"href":"https:\/\/www.elregional.cl\/index.php?rest_route=%2Fwp%2Fv2%2Fcomments&post=2336"}],"version-history":[{"count":1,"href":"https:\/\/www.elregional.cl\/index.php?rest_route=\/wp\/v2\/posts\/2336\/revisions"}],"predecessor-version":[{"id":2338,"href":"https:\/\/www.elregional.cl\/index.php?rest_route=\/wp\/v2\/posts\/2336\/revisions\/2338"}],"wp:attachment":[{"href":"https:\/\/www.elregional.cl\/index.php?rest_route=%2Fwp%2Fv2%2Fmedia&parent=2336"}],"wp:term":[{"taxonomy":"category","embeddable":true,"href":"https:\/\/www.elregional.cl\/index.php?rest_route=%2Fwp%2Fv2%2Fcategories&post=2336"},{"taxonomy":"post_tag","embeddable":true,"href":"https:\/\/www.elregional.cl\/index.php?rest_route=%2Fwp%2Fv2%2Ftags&post=2336"}],"curies":[{"name":"wp","href":"https:\/\/api.w.org\/{rel}","templated":true}]}}