{"id":2360,"date":"2024-11-22T01:37:37","date_gmt":"2024-11-22T01:37:37","guid":{"rendered":"https:\/\/www.elregional.cl\/?p=2360"},"modified":"2024-11-22T23:51:28","modified_gmt":"2024-11-22T23:51:28","slug":"putin-confirma-el-ataque-a-ucrania-con-un-misil-balistico-hipersonico-sin-carga-nuclear","status":"publish","type":"post","link":"https:\/\/www.elregional.cl\/?p=2360","title":{"rendered":"Putin confirma el ataque a Ucrania con un misil bal\u00edstico hipers\u00f3nico sin carga nuclear"},"content":{"rendered":"<p>&nbsp;<\/p>\n<p>El presidente ruso se\u00f1al\u00f3 que la acci\u00f3n fue \u00aben respuesta al uso de armas de largo alcance estadounidenses y brit\u00e1nicas\u00bb.<\/p>\n<p>El presidente ruso, Vlad\u00edmir Putin, confirm\u00f3 este jueves el ataque ruso a Ucrania con un misil bal\u00edstico hipers\u00f3nico sin carga nuclear y afirm\u00f3 que Mosc\u00fa se reserva el derecho a usar su arsenal contra instalaciones militares de pa\u00edses que permiten a Kiev usar sus misiles para golpear territorio ruso.<br \/>\nSe trata de un misil de alcance medio Oreshnik, que fue lanzado contra una instalaci\u00f3n del complejo militar-industrial de Ucrania, explic\u00f3 Putin en un mensaje a la naci\u00f3n emitido por la televisi\u00f3n p\u00fablica.<br \/>\n\u00abEn respuesta al uso de armas de largo alcance estadounidenses y brit\u00e1nicas, el 21 de noviembre de este a\u00f1o, las Fuerzas Armadas rusas lanzaron un ataque combinado contra una de las instalaciones del complejo militar-industrial de Ucrania\u00bb, se\u00f1al\u00f3 el l\u00edder ruso.<br \/>\nOreshnik, nuevo misil ruso<br \/>\nAgreg\u00f3 que de esa manera se prob\u00f3 en condiciones de combate \u00abuno de los nov\u00edsimos sistemas de misiles rusos de medio alcance\u00bb, que se llama Oreshnik.<br \/>\nEl jefe del Kremlin asegur\u00f3 que el Ej\u00e9rcito ruso alertar\u00e1 a la poblaci\u00f3n civil ucraniana del empleo de los Oreshnik \u00abpor motivos humanitarios\u00bb y porque \u00aba d\u00eda de hoy no hay medios para contrarrestar esas armas\u00bb.<br \/>\nPutin explic\u00f3 que estos misiles atacan objetivos a una velocidad de 2,5 o 3 kil\u00f3metros por segundo y los modernos sistemas de defensa antia\u00e9rea en el mundo no pueden interceptarlos.<br \/>\n\u00abLos modernos sistemas de defensa a\u00e9rea disponibles en el mundo y los sistemas de defensa antimisiles creados por los estadounidenses en Europa no interceptan tales misiles. Eso es imposible\u00bb, recalc\u00f3.<br \/>\nLa Fuerza A\u00e9rea ucraniana inform\u00f3 en un primer momento sobre un ataque contra la regi\u00f3n de Dnipr\u00f3 con un misil bal\u00edstico intercontinental ruso, lo que no fue confirmado ni por Rusia ni por Estados Unidos.<br \/>\nEn el mensaje, que dur\u00f3 8 minutos, Putin confirm\u00f3 los recientes ataques en territorio ruso con misiles de largo alcance estadounidenses ATACMS y brit\u00e1nicos Storm Shadow, que estaban dirigidos contra la infraestructura militar de las regiones fronterizas de Briansk y Kursk.<br \/>\nSeg\u00fan el l\u00edder ruso, las defensas antia\u00e9reas del pa\u00eds repelieron estos ataques y no permitieron al enemigo alcanzar sus objetivos.<br \/>\nA la vez, insisti\u00f3 en que el uso del armas de largo alcance por parte de Kiev tras recibir la respectiva autorizaci\u00f3n occidental no ser\u00e1 capaz de influir en la suerte de la guerra.<br \/>\nPutin asegur\u00f3 que las fuerzas rusas est\u00e1n avanzando \u00aba lo largo de toda la l\u00ednea de contacto\u00bb en Ucrania y todos los objetivos que se propuso Mosc\u00fa \u00abser\u00e1n alcanzados\u00bb.<br \/>\nAdvertencia a Occidente<br \/>\nEl mandatario ruso afirm\u00f3 que Rusia se reserva el derecho a emplear sus armas contra instalaciones militares de pa\u00edses, que permiten el uso de sus misiles contra territorio ruso.<br \/>\n\u00abNos reservamos el derecho a utilizar nuestras armas contra objetivos militares de aquellos pa\u00edses que permiten que sus armas se utilicen contra nuestras instalaciones\u00bb, asever\u00f3.<br \/>\nAgreg\u00f3 que Rusia \u00absiempre ha estado y sigue estando dispuesta a resolver los asuntos controvertidos a trav\u00e9s de medios pac\u00edficos\u00bb, pero est\u00e1 \u00ablista\u00bb para cualquier escenario.<br \/>\n\u00abNo fue Rusia, sino Estados Unidos quien destruy\u00f3 el sistema de seguridad internacional y, al seguir luchando y aferr\u00e1ndose a su hegemon\u00eda, est\u00e1 ahora empujando al mundo entero hacia un conflicto global\u00bb, opin\u00f3.<br \/>\nEn caso de una mayor escalada en Ucrania, continu\u00f3, Mosc\u00fa responder\u00e1 de manera \u00abdecisiva y rec\u00edproca\u00bb.<br \/>\n\u00abRecomiendo que las \u00e9lites gobernantes de aquellos pa\u00edses que est\u00e1n tramando planes para utilizar sus contingentes militares contra Rusia piensen seriamente en eso\u00bb, dijo.<br \/>\nPutin, que aprob\u00f3 esta semana la nueva doctrina nuclear rusa, que permite respuestas con armas at\u00f3micas en caso de ataques con armas convencionales, advirti\u00f3 en su momento de que el empleo de armas de largo alcance occidentales contra territorio ruso significar\u00e1 que la OTAN est\u00e1 en combate con Rusia.<\/p>\n<p>Soychile.cl<\/p>\n","protected":false},"excerpt":{"rendered":"<p>&nbsp; El presidente ruso se\u00f1al\u00f3 que la acci\u00f3n fue \u00aben respuesta al uso de armas de largo alcance estadounidenses y brit\u00e1nicas\u00bb. El presidente ruso, Vlad\u00edmir Putin, confirm\u00f3 este jueves el ataque ruso a Ucrania con un misil bal\u00edstico hipers\u00f3nico sin carga nuclear y afirm\u00f3 que Mosc\u00fa se reserva el derecho a usar su arsenal contra &hellip;<\/p>\n","protected":false},"author":2,"featured_media":0,"comment_status":"closed","ping_status":"closed","sticky":false,"template":"","format":"standard","meta":{"footnotes":""},"categories":[12,13,4,3],"tags":[],"class_list":["post-2360","post","type-post","status-publish","format-standard","hentry","category-calama","category-coquimbo","category-mundo","category-pais"],"_links":{"self":[{"href":"https:\/\/www.elregional.cl\/index.php?rest_route=\/wp\/v2\/posts\/2360","targetHints":{"allow":["GET"]}}],"collection":[{"href":"https:\/\/www.elregional.cl\/index.php?rest_route=\/wp\/v2\/posts"}],"about":[{"href":"https:\/\/www.elregional.cl\/index.php?rest_route=\/wp\/v2\/types\/post"}],"author":[{"embeddable":true,"href":"https:\/\/www.elregional.cl\/index.php?rest_route=\/wp\/v2\/users\/2"}],"replies":[{"embeddable":true,"href":"https:\/\/www.elregional.cl\/index.php?rest_route=%2Fwp%2Fv2%2Fcomments&post=2360"}],"version-history":[{"count":1,"href":"https:\/\/www.elregional.cl\/index.php?rest_route=\/wp\/v2\/posts\/2360\/revisions"}],"predecessor-version":[{"id":2361,"href":"https:\/\/www.elregional.cl\/index.php?rest_route=\/wp\/v2\/posts\/2360\/revisions\/2361"}],"wp:attachment":[{"href":"https:\/\/www.elregional.cl\/index.php?rest_route=%2Fwp%2Fv2%2Fmedia&parent=2360"}],"wp:term":[{"taxonomy":"category","embeddable":true,"href":"https:\/\/www.elregional.cl\/index.php?rest_route=%2Fwp%2Fv2%2Fcategories&post=2360"},{"taxonomy":"post_tag","embeddable":true,"href":"https:\/\/www.elregional.cl\/index.php?rest_route=%2Fwp%2Fv2%2Ftags&post=2360"}],"curies":[{"name":"wp","href":"https:\/\/api.w.org\/{rel}","templated":true}]}}