{"id":2421,"date":"2024-11-25T02:53:41","date_gmt":"2024-11-25T02:53:41","guid":{"rendered":"https:\/\/www.elregional.cl\/?p=2421"},"modified":"2024-11-25T02:53:41","modified_gmt":"2024-11-25T02:53:41","slug":"cristobal-julia-es-el-nuevo-gobernador-regional-con-amplio-apoyo-ciudadano","status":"publish","type":"post","link":"https:\/\/www.elregional.cl\/?p=2421","title":{"rendered":"Crist\u00f3bal Juli\u00e1 es el nuevo gobernador regional con amplio apoyo ciudadano"},"content":{"rendered":"<div class=\"td-post-header\">\n<header class=\"td-post-title\">\n<h1 class=\"entry-title\"><\/h1>\n<div class=\"td-module-meta-info\"><em><strong>DavidNoticias.cl<\/strong><\/em><\/div>\n<div><\/div>\n<div class=\"td-module-meta-info\"><em><strong>Con el 99.88% de las mesas escrutadas, Crist\u00f3bal Juli\u00e1 se consagra como el nuevo gobernador regional tras imponerse con un contundente 63.01% de los votos, frente al 36.99% de su contrincante, Javier Vega. Este resultado marca el fin de la gesti\u00f3n de Darwin Ibacache, quien asumi\u00f3 el cargo luego de la destituci\u00f3n de la exgobernadora Krist Naranjo.<\/strong><\/em><\/div>\n<\/header>\n<\/div>\n<div class=\"td-post-content\">\n<p>En un comunicado oficial, el actual gobernador y el Consejo Regional felicitaron al nuevo l\u00edder, destacando el desaf\u00edo que representa el cargo. \u201cUn puesto crucial para el desarrollo y bienestar de nuestras familias y comunidades\u201d, se\u00f1alaron.<\/p>\n<p>Juli\u00e1, representante de Chile Vamos, agradeci\u00f3 el apoyo de los votantes y subray\u00f3 su compromiso de trabajar por el progreso de la regi\u00f3n. \u201cEste triunfo no es solo m\u00edo, sino de todos los que sue\u00f1an con un futuro mejor para nuestra tierra. Ahora comienza una etapa de trabajo y unidad\u201d, expres\u00f3 en un adelanto de su pr\u00f3ximo discurso.<\/p>\n<p>Las celebraciones oficiales est\u00e1n programadas en la Plaza de Armas de La Serena, donde se ultiman los preparativos para recibir a cientos de personas. Se espera que Juli\u00e1 se dirija a la comunidad en los pr\u00f3ximos minutos, marcando el inicio de los festejos que prometen ser un hito en la historia regional.<\/p>\n<\/div>\n","protected":false},"excerpt":{"rendered":"<p>DavidNoticias.cl Con el 99.88% de las mesas escrutadas, Crist\u00f3bal Juli\u00e1 se consagra como el nuevo gobernador regional tras imponerse con un contundente 63.01% de los votos, frente al 36.99% de su contrincante, Javier Vega. Este resultado marca el fin de la gesti\u00f3n de Darwin Ibacache, quien asumi\u00f3 el cargo luego de la destituci\u00f3n de la &hellip;<\/p>\n","protected":false},"author":2,"featured_media":0,"comment_status":"closed","ping_status":"closed","sticky":false,"template":"","format":"standard","meta":{"footnotes":""},"categories":[2],"tags":[],"class_list":["post-2421","post","type-post","status-publish","format-standard","hentry","category-regionales"],"_links":{"self":[{"href":"https:\/\/www.elregional.cl\/index.php?rest_route=\/wp\/v2\/posts\/2421","targetHints":{"allow":["GET"]}}],"collection":[{"href":"https:\/\/www.elregional.cl\/index.php?rest_route=\/wp\/v2\/posts"}],"about":[{"href":"https:\/\/www.elregional.cl\/index.php?rest_route=\/wp\/v2\/types\/post"}],"author":[{"embeddable":true,"href":"https:\/\/www.elregional.cl\/index.php?rest_route=\/wp\/v2\/users\/2"}],"replies":[{"embeddable":true,"href":"https:\/\/www.elregional.cl\/index.php?rest_route=%2Fwp%2Fv2%2Fcomments&post=2421"}],"version-history":[{"count":1,"href":"https:\/\/www.elregional.cl\/index.php?rest_route=\/wp\/v2\/posts\/2421\/revisions"}],"predecessor-version":[{"id":2423,"href":"https:\/\/www.elregional.cl\/index.php?rest_route=\/wp\/v2\/posts\/2421\/revisions\/2423"}],"wp:attachment":[{"href":"https:\/\/www.elregional.cl\/index.php?rest_route=%2Fwp%2Fv2%2Fmedia&parent=2421"}],"wp:term":[{"taxonomy":"category","embeddable":true,"href":"https:\/\/www.elregional.cl\/index.php?rest_route=%2Fwp%2Fv2%2Fcategories&post=2421"},{"taxonomy":"post_tag","embeddable":true,"href":"https:\/\/www.elregional.cl\/index.php?rest_route=%2Fwp%2Fv2%2Ftags&post=2421"}],"curies":[{"name":"wp","href":"https:\/\/api.w.org\/{rel}","templated":true}]}}