{"id":2433,"date":"2024-11-25T16:18:03","date_gmt":"2024-11-25T16:18:03","guid":{"rendered":"https:\/\/www.elregional.cl\/?p=2433"},"modified":"2024-11-25T16:18:03","modified_gmt":"2024-11-25T16:18:03","slug":"pc-sin-gobernaciones-carmona-dice-que-le-duele-derrota-en-coquimbo","status":"publish","type":"post","link":"https:\/\/www.elregional.cl\/?p=2433","title":{"rendered":"PC sin gobernaciones: Carmona dice que le \u00abduele\u00bb derrota en Coquimbo"},"content":{"rendered":"<div class=\"div_titulo\">\n<h1 id=\"ucDetalle_TituloNoticia\"><span style=\"font-size: 22px;\">\u00a0Emol.<\/span><\/h1>\n<\/div>\n<div class=\"div_fecha_top\">\n<div id=\"ucDetalle_ContadorComentarios\" class=\"cont_contador_comentarios flo_left cont_descrip_icons icon_comentario\" data-id=\"1149484\"><\/div>\n<\/div>\n<div class=\"div_h2\">\n<h5 id=\"ucDetalle_BajadaNoticia\">\u00abTodos sabemos que los n\u00fameros de la cifra de militancia partidaria son bastante m\u00ednimas, y que entonces las tendencias de influencia electoral no son mec\u00e1nicamente trasladables\u00bb, expres\u00f3 el timonel comunista.<\/h5>\n<\/div>\n<div class=\"contenedor-columnas\" data-vista=\"relato\">\n<div class=\"box-central\">\n<div class=\"mrcdr_cont_relato\"><\/div>\n<\/div>\n<div class=\"box-columna\"><\/div>\n<\/div>\n<div class=\"contenedor_social_emol\">El presidente del Partido Comunista (PC),<b>\u00a0Lautaro Carmona<\/b>, lament\u00f3 la derrota de la carta de su tienda, Javier Vega, por la gobernaci\u00f3n de Coquimbo que obtuvo Crist\u00f3bal Juli\u00e1 (IND-Ev\u00f3poli), y realiz\u00f3 un balance de los comicios de segunda vuelta del domingo.<\/div>\n<div id=\"ucDetalle_CuerpoNoticia\" class=\"cuerpo_noticia cuerpo_noti_height_full\">\n<div><\/div>\n<div>Juli\u00e1 super\u00f3 con m\u00e1s del 63% al candidato del PC (37%), incluso, ya en primera vuelta se hab\u00eda impuesto con el 21% (97.174 votos).<\/div>\n<div><\/div>\n<div>Con todo, el timonel oficialista manifest\u00f3 que\u00a0<b>\u00abme duele y realmente lamento mucho que no hayamos logrado la elecci\u00f3n de Javier Vega en Coquimbo<\/b>. Este rev\u00e9s era la \u00fanica propuesta que levant\u00f3 el Partido Comunista\u00bb.<\/div>\n<div><\/div>\n<div>\n<div id=\"contRelacionadas_1149437-1149444\">\n<div class=\"flo_left cont_items_detalle_50\">\n<div class=\"flo_left bor_cont_img_mas_vistas cont_sec_emol sec_mas_vistas_emol\">\n<div class=\"cont_tit_sec_emol bg_tit_sec bor_tit_sec\"><\/div>\n<div class=\"flo_left cont_descrip_noticia\">\n<article id=\"contNotRel_1149437\" class=\"flo_left cont_nota_relacionada\">\n<div class=\"flo_left content_img_noticia\"><\/div>\n<\/article>\n<article id=\"contNotRel_1149444\" class=\"flo_left cont_nota_relacionada\">\n<div class=\"cont_contador_comentarios flo_left cont_icon_social f_comentario\" data-id=\"1149444\">En entrevista con Radio ADN, Carmona sostuvo que har\u00e1n \u00abtodos los an\u00e1lisis y evaluaciones\u00bb que les permitan \u00absacar ense\u00f1anzas de ese proceso, pero una de ellas, sin ninguna duda, es que cuando una coalici\u00f3n que se propone una articulaci\u00f3n de unidad, en el propio inicio de competencia tiene ya alternativa, se debilita\u00bb.<\/div>\n<\/article>\n<\/div>\n<\/div>\n<\/div>\n<\/div>\n<\/div>\n<div><\/div>\n<div>\u00abY todos sabemos que los n\u00fameros de la cifra de militancia partidaria son bastante m\u00ednimas, y que entonces<b>\u00a0las tendencias de influencia electoral no son mec\u00e1nicamente trasladables<\/b>\u00ab, agreg\u00f3.<\/div>\n<div><\/div>\n<div>En ese sentido, afirm\u00f3 que lo anterior \u00abhizo que se afectara, en un grado que fue al final desequilibrante, la posibilidad que ten\u00edamos de elegir al \u00fanico candidato como propuesta del Partido Comunista\u00bb.<\/div>\n<div><\/div>\n<div>\n<h2>Reflexi\u00f3n por elecciones<\/h2>\n<\/div>\n<div><\/div>\n<div>Asimismo, Carmona reflexion\u00f3 sobre las elecciones municipales del 26 y el 27 de octubre, donde el PC perdi\u00f3 la comuna de Santiago, siendo una dura p\u00e9rdida para la tienda comunista.<\/div>\n<div><\/div>\n<div>En esa l\u00ednea, ante los cuestionamientos sobre la p\u00e9rdida de representaci\u00f3n en gobernaciones y la derrota en Santiago, Carmona evit\u00f3 establecer una relaci\u00f3n directa entre ambos escenarios.<\/div>\n<\/div>\n","protected":false},"excerpt":{"rendered":"<p>\u00a0Emol. \u00abTodos sabemos que los n\u00fameros de la cifra de militancia partidaria son bastante m\u00ednimas, y que entonces las tendencias de influencia electoral no son mec\u00e1nicamente trasladables\u00bb, expres\u00f3 el timonel comunista. El presidente del Partido Comunista (PC),\u00a0Lautaro Carmona, lament\u00f3 la derrota de la carta de su tienda, Javier Vega, por la gobernaci\u00f3n de Coquimbo que &hellip;<\/p>\n","protected":false},"author":2,"featured_media":0,"comment_status":"closed","ping_status":"closed","sticky":false,"template":"","format":"standard","meta":{"footnotes":""},"categories":[13,3],"tags":[],"class_list":["post-2433","post","type-post","status-publish","format-standard","hentry","category-coquimbo","category-pais"],"_links":{"self":[{"href":"https:\/\/www.elregional.cl\/index.php?rest_route=\/wp\/v2\/posts\/2433","targetHints":{"allow":["GET"]}}],"collection":[{"href":"https:\/\/www.elregional.cl\/index.php?rest_route=\/wp\/v2\/posts"}],"about":[{"href":"https:\/\/www.elregional.cl\/index.php?rest_route=\/wp\/v2\/types\/post"}],"author":[{"embeddable":true,"href":"https:\/\/www.elregional.cl\/index.php?rest_route=\/wp\/v2\/users\/2"}],"replies":[{"embeddable":true,"href":"https:\/\/www.elregional.cl\/index.php?rest_route=%2Fwp%2Fv2%2Fcomments&post=2433"}],"version-history":[{"count":1,"href":"https:\/\/www.elregional.cl\/index.php?rest_route=\/wp\/v2\/posts\/2433\/revisions"}],"predecessor-version":[{"id":2434,"href":"https:\/\/www.elregional.cl\/index.php?rest_route=\/wp\/v2\/posts\/2433\/revisions\/2434"}],"wp:attachment":[{"href":"https:\/\/www.elregional.cl\/index.php?rest_route=%2Fwp%2Fv2%2Fmedia&parent=2433"}],"wp:term":[{"taxonomy":"category","embeddable":true,"href":"https:\/\/www.elregional.cl\/index.php?rest_route=%2Fwp%2Fv2%2Fcategories&post=2433"},{"taxonomy":"post_tag","embeddable":true,"href":"https:\/\/www.elregional.cl\/index.php?rest_route=%2Fwp%2Fv2%2Ftags&post=2433"}],"curies":[{"name":"wp","href":"https:\/\/api.w.org\/{rel}","templated":true}]}}