{"id":246,"date":"2024-07-31T00:47:44","date_gmt":"2024-07-31T00:47:44","guid":{"rendered":"https:\/\/www.elregional.cl\/?p=246"},"modified":"2024-07-31T00:47:44","modified_gmt":"2024-07-31T00:47:44","slug":"nuevo-aviso-de-marejadas-anormales-para-costas-de-chile","status":"publish","type":"post","link":"https:\/\/www.elregional.cl\/?p=246","title":{"rendered":"NUEVO AVISO DE MAREJADAS ANORMALES PARA COSTAS DE CHILE."},"content":{"rendered":"<p>&nbsp;<\/p>\n<p><img loading=\"lazy\" decoding=\"async\" class=\"alignnone size-medium wp-image-247\" src=\"https:\/\/www.elregional.cl\/wp-content\/uploads\/2024\/07\/maxima-precaucion-marejadas-anormales-del-norte-vuelven-a-chile-1673946093699_1280-300x211.jpeg\" alt=\"\" width=\"300\" height=\"211\" \/><\/p>\n<p>FUENTE: DIRECTEMAR.CL<\/p>\n<p>1.-\u00c1REA AFECTADA:<br \/>\nGOLFO DE PENAS HASTA HUASCO Y ARCHIPI\u00c9LAGO JUAN FERN\u00c1NDEZ.<\/p>\n<p>2.-DIRECCI\u00d3N DEL OLEAJE:<br \/>\nWESTE\/NORWESTE, ORIGINADO POR PASO DE SISTEMA FRONTAL.<\/p>\n<p>3.-INICIO MAREJADAS:<br \/>\nARCHIPI\u00c9LAGO JUAN FERN\u00c1NDEZ : MI\u00c9RCOLES 31 JULIO (AM).<br \/>\nGOLFO DE PENAS HASTA GOLFO DE ARAUCO : MI\u00c9RCOLES 31 JULIO (PM).<br \/>\nGOLFO DE ARAUCO HASTA HUASCO : JUEVES 01 AGOSTO (AM).<\/p>\n<p>4.-TERMINO CONDICI\u00d3N:<br \/>\nGOLFO DE PENAS HASTA HUASCO : VIERNES 02 AGOSTO.<br \/>\nARCHIPI\u00c9LAGO JUAN FERN\u00c1NDEZ : S\u00c1BADO 03 AGOSTO.<\/p>\n<p>5.-HORARIOS DE MAYOR INTENSIDAD:<br \/>\nHORAS DE PLEAMAR O ALTAS MAREAS, EN PARTICULAR:<br \/>\nGOLFO DE PENAS HASTA GOLFO DE ARAUCO : ENTRE 08:00 A 10:00 HRS.<br \/>\nGOLFO DE ARAUCO HASTA HUASCO : ENTRE 07:00 A 09:00 HRS.<br \/>\nARCHIPI\u00c9LAGO JUAN FERN\u00c1NDEZ : ENTRE 08:30 A 10:00 HRS.<\/p>\n<p>6.-D\u00cdAS DE MAYOR INTENSIDAD:<br \/>\nJUE 01 Y VIE 02 DE AGO.<\/p>\n<p>7.-RECOMENDACIONES:<br \/>\nLA AUTORIDAD MAR\u00cdTIMA HACE PRESENTE A LA COMUNIDAD QUE SE DEBE ACTUAR CON PRUDENCIA Y CAUTELA, CONSIDERANDO LA CONDICI\u00d3N DE POTENCIAL RIESGO DE SOBREPASOS Y DA\u00d1OS A LA INFRAESTRUCTURA EN EL BORDE COSTERO, ANTE LAS MAREJADAS ANORMALES. SE HACE \u00c9NFASIS EN RESPETAR LAS NORMAS DE SEGURIDAD ESTABLECIDAS, EVITANDO EL TRANSITO POR SECTORES ROCOSOS, NO INGRESAR AL MAR DURANTE EL EVENTO DE MAREJADAS, NO DESARROLLAR ACTIVIDADES N\u00c1UTICAS Y DEPORTIVAS.<\/p>\n","protected":false},"excerpt":{"rendered":"<p>&nbsp; FUENTE: DIRECTEMAR.CL 1.-\u00c1REA AFECTADA: GOLFO DE PENAS HASTA HUASCO Y ARCHIPI\u00c9LAGO JUAN FERN\u00c1NDEZ. 2.-DIRECCI\u00d3N DEL OLEAJE: WESTE\/NORWESTE, ORIGINADO POR PASO DE SISTEMA FRONTAL. 3.-INICIO MAREJADAS: ARCHIPI\u00c9LAGO JUAN FERN\u00c1NDEZ : MI\u00c9RCOLES 31 JULIO (AM). GOLFO DE PENAS HASTA GOLFO DE ARAUCO : MI\u00c9RCOLES 31 JULIO (PM). GOLFO DE ARAUCO HASTA HUASCO : JUEVES 01 AGOSTO &hellip;<\/p>\n","protected":false},"author":2,"featured_media":0,"comment_status":"closed","ping_status":"closed","sticky":false,"template":"","format":"standard","meta":{"footnotes":""},"categories":[3],"tags":[],"class_list":["post-246","post","type-post","status-publish","format-standard","hentry","category-pais"],"_links":{"self":[{"href":"https:\/\/www.elregional.cl\/index.php?rest_route=\/wp\/v2\/posts\/246","targetHints":{"allow":["GET"]}}],"collection":[{"href":"https:\/\/www.elregional.cl\/index.php?rest_route=\/wp\/v2\/posts"}],"about":[{"href":"https:\/\/www.elregional.cl\/index.php?rest_route=\/wp\/v2\/types\/post"}],"author":[{"embeddable":true,"href":"https:\/\/www.elregional.cl\/index.php?rest_route=\/wp\/v2\/users\/2"}],"replies":[{"embeddable":true,"href":"https:\/\/www.elregional.cl\/index.php?rest_route=%2Fwp%2Fv2%2Fcomments&post=246"}],"version-history":[{"count":1,"href":"https:\/\/www.elregional.cl\/index.php?rest_route=\/wp\/v2\/posts\/246\/revisions"}],"predecessor-version":[{"id":248,"href":"https:\/\/www.elregional.cl\/index.php?rest_route=\/wp\/v2\/posts\/246\/revisions\/248"}],"wp:attachment":[{"href":"https:\/\/www.elregional.cl\/index.php?rest_route=%2Fwp%2Fv2%2Fmedia&parent=246"}],"wp:term":[{"taxonomy":"category","embeddable":true,"href":"https:\/\/www.elregional.cl\/index.php?rest_route=%2Fwp%2Fv2%2Fcategories&post=246"},{"taxonomy":"post_tag","embeddable":true,"href":"https:\/\/www.elregional.cl\/index.php?rest_route=%2Fwp%2Fv2%2Ftags&post=246"}],"curies":[{"name":"wp","href":"https:\/\/api.w.org\/{rel}","templated":true}]}}