{"id":2473,"date":"2024-12-17T23:31:31","date_gmt":"2024-12-17T23:31:31","guid":{"rendered":"https:\/\/www.elregional.cl\/?p=2473"},"modified":"2024-12-17T23:31:31","modified_gmt":"2024-12-17T23:31:31","slug":"mario-salas-revela-emotivo-encuentro-con-nelson-acosta-es-dificil-verlo-asi","status":"publish","type":"post","link":"https:\/\/www.elregional.cl\/?p=2473","title":{"rendered":"Mario Salas revela emotivo encuentro con Nelson Acosta: \u00abEs dif\u00edcil verlo as\u00ed\u00bb"},"content":{"rendered":"<p>El entrenador\u00a0<strong>Mario Salas<\/strong>\u00a0relat\u00f3 un reciente encuentro con el hist\u00f3rico t\u00e9cnico de la selecci\u00f3n chilena,\u00a0<strong>Nelson Acosta<\/strong>, quien padece\u00a0<strong>Alzheimer<\/strong>\u00a0y est\u00e1 alejado del f\u00fatbol. En una entrevista con\u00a0<strong>TNT Sports<\/strong>, Salas explic\u00f3 que fue a visitarlo a su casa en\u00a0<strong>San Vicente de Tagua Tagua<\/strong>, con autorizaci\u00f3n de su familia.<\/p>\n<p><strong>\u201cPas\u00e9 a verlo un d\u00eda a San Vicente, l\u00f3gicamente con el permiso de la familia, y con mi pareja, con \u2018Nati\u2019, lo fuimos a ver\u201d<\/strong>, coment\u00f3 el \u2018Comandante\u2019 en entrevista con TNT Sports. Adem\u00e1s, el exentrenador de Colo-Colo y la UC agreg\u00f3 que\u00a0<strong>\u201cest\u00e1 con los s\u00edntomas que trae la vejez, pero lo bueno es que est\u00e1 rodeado de su familia, no hay cosa que te ayude m\u00e1s que eso\u201d<\/strong>.<\/p>\n<p>Mario Salas, quien fue ayudante de Nelson Acosta en Everton y lo considera una figura clave en su desarrollo profesional, expres\u00f3 la emoci\u00f3n que le gener\u00f3 ver al t\u00e9cnico en su estado actual:\u00a0<strong>\u201cEs dif\u00edcil verlo as\u00ed, pero uno no deja de acordarse del gran Nelson Acosta\u201d<\/strong>.<\/p>\n<p>Cabe recordar que \u2018Don Nelson\u2019 ha sido una figura fundamental en la historia del f\u00fatbol chileno, logrando hitos como clasificar a la\u00a0<strong>selecci\u00f3n chilena<\/strong>\u00a0al\u00a0<strong>Mundial de Francia 1998<\/strong>\u00a0y obtener la\u00a0<strong>medalla de bronce<\/strong>\u00a0en los\u00a0<strong>Juegos Ol\u00edmpicos de S\u00eddney 2000<\/strong>. A pesar del hermetismo con el que su familia ha manejado su estado de salud, durante este a\u00f1o se conoci\u00f3 que Acosta hab\u00eda sido\u00a0<strong>hospitalizado<\/strong>\u00a0por problemas respiratorios.<\/p>\n","protected":false},"excerpt":{"rendered":"<p>El entrenador\u00a0Mario Salas\u00a0relat\u00f3 un reciente encuentro con el hist\u00f3rico t\u00e9cnico de la selecci\u00f3n chilena,\u00a0Nelson Acosta, quien padece\u00a0Alzheimer\u00a0y est\u00e1 alejado del f\u00fatbol. En una entrevista con\u00a0TNT Sports, Salas explic\u00f3 que fue a visitarlo a su casa en\u00a0San Vicente de Tagua Tagua, con autorizaci\u00f3n de su familia. \u201cPas\u00e9 a verlo un d\u00eda a San Vicente, l\u00f3gicamente con &hellip;<\/p>\n","protected":false},"author":2,"featured_media":0,"comment_status":"closed","ping_status":"closed","sticky":false,"template":"","format":"standard","meta":{"footnotes":""},"categories":[5],"tags":[],"class_list":["post-2473","post","type-post","status-publish","format-standard","hentry","category-deportes"],"_links":{"self":[{"href":"https:\/\/www.elregional.cl\/index.php?rest_route=\/wp\/v2\/posts\/2473","targetHints":{"allow":["GET"]}}],"collection":[{"href":"https:\/\/www.elregional.cl\/index.php?rest_route=\/wp\/v2\/posts"}],"about":[{"href":"https:\/\/www.elregional.cl\/index.php?rest_route=\/wp\/v2\/types\/post"}],"author":[{"embeddable":true,"href":"https:\/\/www.elregional.cl\/index.php?rest_route=\/wp\/v2\/users\/2"}],"replies":[{"embeddable":true,"href":"https:\/\/www.elregional.cl\/index.php?rest_route=%2Fwp%2Fv2%2Fcomments&post=2473"}],"version-history":[{"count":1,"href":"https:\/\/www.elregional.cl\/index.php?rest_route=\/wp\/v2\/posts\/2473\/revisions"}],"predecessor-version":[{"id":2475,"href":"https:\/\/www.elregional.cl\/index.php?rest_route=\/wp\/v2\/posts\/2473\/revisions\/2475"}],"wp:attachment":[{"href":"https:\/\/www.elregional.cl\/index.php?rest_route=%2Fwp%2Fv2%2Fmedia&parent=2473"}],"wp:term":[{"taxonomy":"category","embeddable":true,"href":"https:\/\/www.elregional.cl\/index.php?rest_route=%2Fwp%2Fv2%2Fcategories&post=2473"},{"taxonomy":"post_tag","embeddable":true,"href":"https:\/\/www.elregional.cl\/index.php?rest_route=%2Fwp%2Fv2%2Ftags&post=2473"}],"curies":[{"name":"wp","href":"https:\/\/api.w.org\/{rel}","templated":true}]}}