{"id":2492,"date":"2024-12-19T02:57:05","date_gmt":"2024-12-19T02:57:05","guid":{"rendered":"https:\/\/www.elregional.cl\/?p=2492"},"modified":"2024-12-19T03:06:48","modified_gmt":"2024-12-19T03:06:48","slug":"sebv-carabineros-coquimbo-detienen-a-banda-internacional-dedicada-al-robo-y-trafico-de-vehiculos","status":"publish","type":"post","link":"https:\/\/www.elregional.cl\/?p=2492","title":{"rendered":"SEBV Carabineros Coquimbo detienen a banda internacional dedicada al robo y tr\u00e1fico de veh\u00edculos"},"content":{"rendered":"<div class=\"td-post-header\">\n<header class=\"td-post-title\">\n<h1 class=\"entry-title\"><\/h1>\n<div class=\"td-module-meta-info\"><em><strong>Se<\/strong><\/em>\u00a0<em><strong>trata de un grupo conformado por cuatro chilenos y un venezolano, quienes fueron interceptados en la Ruta 5 a la altura de Limar\u00ed, por carabineros especializados de la Secci\u00f3n de Encargo y B\u00fasqueda de Veh\u00edculos. Se recuperaron cinco autom\u00f3viles avaluados en m\u00e1s de $200 millones.<\/strong><\/em><\/div>\n<\/header>\n<\/div>\n<div class=\"td-post-content\">\n<p>Dieciocho reiteraciones y un prontuario policial con delitos como robo con intimidaci\u00f3n, lesiones graves y porte ilegal de armas es parte del historial de los cinco antisociales detenidos por Carabineros la tarde del martes y quienes conformaban una banda internacional dedicada al robo y tr\u00e1fico de veh\u00edculos.<\/p>\n<p>El procedimiento fue la culminaci\u00f3n de una sigilosa investigaci\u00f3n desarrollada por la Secci\u00f3n de Encargo y B\u00fasqueda de Veh\u00edculos, en el marco del trabajo de la polic\u00eda uniformada para combatir el robo de autom\u00f3viles en todo el pa\u00eds.<\/p>\n<p>\u201cEstamos hablando de un grupo organizado que, de acuerdo a lo que se pudo establecer a trav\u00e9s de la investigaci\u00f3n, se dedicaba al robo de veh\u00edculos en la Regi\u00f3n Metropolitana, y utilizaba la Ruta 5 y los caminos interiores, para trasladarlos hacia el norte, con el objetivo de cruzar y venderlos en Bolivia. En definitiva, lo que se logr\u00f3 gracias al trabajo del SEBV, fue la desarticulaci\u00f3n de una banda dedicada al tr\u00e1fico transnacional de autom\u00f3viles\u201d, indic\u00f3 el Teniente Coronel Jos\u00e9 Ram\u00edrez, de la Prefectura de Carabineros Coquimbo.<\/p>\n<p>Y precisamente, fue en medio de este modus operandi, que Carabineros concret\u00f3 la intervenci\u00f3n del grupo en plena carretera,en el kil\u00f3metro 373 en plena provincia de Limar\u00ed. \u201cAplicamos una estrategia de seguimiento e investigaci\u00f3n que nos permiti\u00f3 interceptar al grupo de manera in fraganti, vincul\u00e1ndolos a tanto al robo de los veh\u00edculos como al tr\u00e1fico de los mismos. Estamos hablando de autom\u00f3viles de alta gama, avaluados en m\u00e1s de $200 millones, que esperamos prontamente devolver a sus propietarios\u201d, agreg\u00f3 el Comandante Ram\u00edrez.<\/p>\n<\/div>\n","protected":false},"excerpt":{"rendered":"<p>Se\u00a0trata de un grupo conformado por cuatro chilenos y un venezolano, quienes fueron interceptados en la Ruta 5 a la altura de Limar\u00ed, por carabineros especializados de la Secci\u00f3n de Encargo y B\u00fasqueda de Veh\u00edculos. Se recuperaron cinco autom\u00f3viles avaluados en m\u00e1s de $200 millones. Dieciocho reiteraciones y un prontuario policial con delitos como robo &hellip;<\/p>\n","protected":false},"author":2,"featured_media":0,"comment_status":"closed","ping_status":"closed","sticky":false,"template":"","format":"standard","meta":{"footnotes":""},"categories":[13],"tags":[],"class_list":["post-2492","post","type-post","status-publish","format-standard","hentry","category-coquimbo"],"_links":{"self":[{"href":"https:\/\/www.elregional.cl\/index.php?rest_route=\/wp\/v2\/posts\/2492","targetHints":{"allow":["GET"]}}],"collection":[{"href":"https:\/\/www.elregional.cl\/index.php?rest_route=\/wp\/v2\/posts"}],"about":[{"href":"https:\/\/www.elregional.cl\/index.php?rest_route=\/wp\/v2\/types\/post"}],"author":[{"embeddable":true,"href":"https:\/\/www.elregional.cl\/index.php?rest_route=\/wp\/v2\/users\/2"}],"replies":[{"embeddable":true,"href":"https:\/\/www.elregional.cl\/index.php?rest_route=%2Fwp%2Fv2%2Fcomments&post=2492"}],"version-history":[{"count":1,"href":"https:\/\/www.elregional.cl\/index.php?rest_route=\/wp\/v2\/posts\/2492\/revisions"}],"predecessor-version":[{"id":2493,"href":"https:\/\/www.elregional.cl\/index.php?rest_route=\/wp\/v2\/posts\/2492\/revisions\/2493"}],"wp:attachment":[{"href":"https:\/\/www.elregional.cl\/index.php?rest_route=%2Fwp%2Fv2%2Fmedia&parent=2492"}],"wp:term":[{"taxonomy":"category","embeddable":true,"href":"https:\/\/www.elregional.cl\/index.php?rest_route=%2Fwp%2Fv2%2Fcategories&post=2492"},{"taxonomy":"post_tag","embeddable":true,"href":"https:\/\/www.elregional.cl\/index.php?rest_route=%2Fwp%2Fv2%2Ftags&post=2492"}],"curies":[{"name":"wp","href":"https:\/\/api.w.org\/{rel}","templated":true}]}}