{"id":2606,"date":"2024-12-29T18:43:10","date_gmt":"2024-12-29T18:43:10","guid":{"rendered":"https:\/\/www.elregional.cl\/?p=2606"},"modified":"2024-12-29T18:43:10","modified_gmt":"2024-12-29T18:43:10","slug":"encuestas-de-el-pulso-aprobacion-de-boric-cae-casi-tres-puntos-y-termina-el-ano-en-257","status":"publish","type":"post","link":"https:\/\/www.elregional.cl\/?p=2606","title":{"rendered":"encuestas de el pulso:  aprobaci\u00f3n de Boric cae casi tres puntos y termina el a\u00f1o en 25,7%"},"content":{"rendered":"<p>La aprobaci\u00f3n del presidente de la Rep\u00fablica, Gabriel Boric, cay\u00f3 2,9 puntos y termin\u00f3 el a\u00f1o 2024 con 25,7%, seg\u00fan los resultados de la \u00faltima encuesta mensual Pulso Ciudadano dados a conocer este domingo.<\/p>\n<p>En tanto, la desaprobaci\u00f3n del mandatario creci\u00f3 1,5 puntos, llegando al 62,8%. Mientras que un 11,4% de los encuestados dijo no saber c\u00f3mo evaluar su gesti\u00f3n.<\/p>\n<p>De acuerdo con los registros previos del sondeo, estas son las peores cifras para el jefe de Estado desde julio de 2024, cuando su aprobaci\u00f3n cay\u00f3 al 22,2% y la desaprobaci\u00f3n fue de 63,2%.<\/p>\n<p>fuente Biob\u00edo<\/p>\n","protected":false},"excerpt":{"rendered":"<p>La aprobaci\u00f3n del presidente de la Rep\u00fablica, Gabriel Boric, cay\u00f3 2,9 puntos y termin\u00f3 el a\u00f1o 2024 con 25,7%, seg\u00fan los resultados de la \u00faltima encuesta mensual Pulso Ciudadano dados a conocer este domingo. En tanto, la desaprobaci\u00f3n del mandatario creci\u00f3 1,5 puntos, llegando al 62,8%. Mientras que un 11,4% de los encuestados dijo no &hellip;<\/p>\n","protected":false},"author":2,"featured_media":0,"comment_status":"closed","ping_status":"closed","sticky":false,"template":"","format":"standard","meta":{"footnotes":""},"categories":[12,13],"tags":[],"class_list":["post-2606","post","type-post","status-publish","format-standard","hentry","category-calama","category-coquimbo"],"_links":{"self":[{"href":"https:\/\/www.elregional.cl\/index.php?rest_route=\/wp\/v2\/posts\/2606","targetHints":{"allow":["GET"]}}],"collection":[{"href":"https:\/\/www.elregional.cl\/index.php?rest_route=\/wp\/v2\/posts"}],"about":[{"href":"https:\/\/www.elregional.cl\/index.php?rest_route=\/wp\/v2\/types\/post"}],"author":[{"embeddable":true,"href":"https:\/\/www.elregional.cl\/index.php?rest_route=\/wp\/v2\/users\/2"}],"replies":[{"embeddable":true,"href":"https:\/\/www.elregional.cl\/index.php?rest_route=%2Fwp%2Fv2%2Fcomments&post=2606"}],"version-history":[{"count":1,"href":"https:\/\/www.elregional.cl\/index.php?rest_route=\/wp\/v2\/posts\/2606\/revisions"}],"predecessor-version":[{"id":2608,"href":"https:\/\/www.elregional.cl\/index.php?rest_route=\/wp\/v2\/posts\/2606\/revisions\/2608"}],"wp:attachment":[{"href":"https:\/\/www.elregional.cl\/index.php?rest_route=%2Fwp%2Fv2%2Fmedia&parent=2606"}],"wp:term":[{"taxonomy":"category","embeddable":true,"href":"https:\/\/www.elregional.cl\/index.php?rest_route=%2Fwp%2Fv2%2Fcategories&post=2606"},{"taxonomy":"post_tag","embeddable":true,"href":"https:\/\/www.elregional.cl\/index.php?rest_route=%2Fwp%2Fv2%2Ftags&post=2606"}],"curies":[{"name":"wp","href":"https:\/\/api.w.org\/{rel}","templated":true}]}}