{"id":2625,"date":"2024-12-30T03:31:36","date_gmt":"2024-12-30T03:31:36","guid":{"rendered":"https:\/\/www.elregional.cl\/?p=2625"},"modified":"2024-12-30T03:31:36","modified_gmt":"2024-12-30T03:31:36","slug":"pdi-investiga-homicidio-en-sector-las-encinas-de-coquimbo","status":"publish","type":"post","link":"https:\/\/www.elregional.cl\/?p=2625","title":{"rendered":"PDI investiga homicidio en sector Las Encinas de Coquimbo"},"content":{"rendered":"<div id=\"tdi_3\" class=\"tdc-row\">\n<div class=\"vc_row tdi_4  wpb_row td-pb-row\">\n<div class=\"vc_column tdi_6  wpb_column vc_column_container tdc-column td-pb-span12\">\n<div class=\"wpb_wrapper\">\n<div class=\"td_block_wrap tdb_breadcrumbs tdi_7 td-pb-border-top td_block_template_1 tdb-breadcrumbs \" data-td-block-uid=\"tdi_7\">\n<div class=\"tdb-block-inner td-fix-index\"><\/div>\n<\/div>\n<\/div>\n<\/div>\n<\/div>\n<\/div>\n<div id=\"tdi_8\" class=\"tdc-row\">\n<div class=\"vc_row tdi_9 td-ss-row wpb_row td-pb-row\">\n<div class=\"vc_column tdi_11  wpb_column vc_column_container tdc-column td-pb-span8\">\n<div class=\"wpb_wrapper\">\n<div class=\"clearfix\"><strong>La Polic\u00eda de Investigaciones (PDI) ha iniciado las primeras diligencias para esclarecer un homicidio y un homicidio frustrado ocurridos en el sector Las Encinas de Coquimbo.<\/strong><\/div>\n<div class=\"td_block_wrap tdb_single_content tdi_21 td-pb-border-top td_block_template_1 td-post-content tagdiv-type\" data-td-block-uid=\"tdi_21\">\n<div class=\"tdb-block-inner td-fix-index\"><span id=\"more-186243\"><\/span>Detectives de la Brigada de Homicidios de La Serena, junto a peritos del Laboratorio de Criminal\u00edstica Regional, se encuentran en el Servicio de Urgencia del\u00a0<a title=\"Hospital de Coquimbo\" href=\"https:\/\/www.hospitalcoquimbo.cl\/\" target=\"_blank\" rel=\"noopener nofollow\">Hospital de Coquimbo<\/a>, donde ingresaron dos pacientes con impactos bal\u00edsticos.<\/p>\n<p>Seg\u00fan la informaci\u00f3n proporcionada por el subprefecto Jos\u00e9 C\u00e1ceres, jefe de la Brigada de Homicidios de La Serena, uno de los individuos falleci\u00f3 hace pocos instantes, mientras que el otro se encuentra lesionado.\u00a0<strong>Ambos individuos, cuyas identidades a\u00fan no han sido reveladas (NN), fueron v\u00edctimas de disparos en circunstancias que est\u00e1n siendo investigadas.<\/strong><\/p>\n<p>Por instrucci\u00f3n del Ministerio P\u00fablico, la\u00a0<a title=\"PDI\" href=\"https:\/\/www.pdichile.cl\/\" target=\"_blank\" rel=\"noopener\">PDI<\/a>\u00a0est\u00e1 llevando a cabo las primeras diligencias para establecer las circunstancias exactas de estos graves delitos. Los detectives y peritos est\u00e1n trabajando arduamente para recolectar evidencias y obtener testimonios que puedan arrojar luz sobre los hechos.<\/p>\n<p>Las autoridades han solicitado la colaboraci\u00f3n de la comunidad para proporcionar cualquier informaci\u00f3n que pueda ser \u00fatil para la investigaci\u00f3n.<\/p>\n<\/div>\n<\/div>\n<\/div>\n<\/div>\n<\/div>\n<\/div>\n","protected":false},"excerpt":{"rendered":"<p>La Polic\u00eda de Investigaciones (PDI) ha iniciado las primeras diligencias para esclarecer un homicidio y un homicidio frustrado ocurridos en el sector Las Encinas de Coquimbo. Detectives de la Brigada de Homicidios de La Serena, junto a peritos del Laboratorio de Criminal\u00edstica Regional, se encuentran en el Servicio de Urgencia del\u00a0Hospital de Coquimbo, donde ingresaron &hellip;<\/p>\n","protected":false},"author":2,"featured_media":0,"comment_status":"closed","ping_status":"closed","sticky":false,"template":"","format":"standard","meta":{"footnotes":""},"categories":[13],"tags":[],"class_list":["post-2625","post","type-post","status-publish","format-standard","hentry","category-coquimbo"],"_links":{"self":[{"href":"https:\/\/www.elregional.cl\/index.php?rest_route=\/wp\/v2\/posts\/2625","targetHints":{"allow":["GET"]}}],"collection":[{"href":"https:\/\/www.elregional.cl\/index.php?rest_route=\/wp\/v2\/posts"}],"about":[{"href":"https:\/\/www.elregional.cl\/index.php?rest_route=\/wp\/v2\/types\/post"}],"author":[{"embeddable":true,"href":"https:\/\/www.elregional.cl\/index.php?rest_route=\/wp\/v2\/users\/2"}],"replies":[{"embeddable":true,"href":"https:\/\/www.elregional.cl\/index.php?rest_route=%2Fwp%2Fv2%2Fcomments&post=2625"}],"version-history":[{"count":1,"href":"https:\/\/www.elregional.cl\/index.php?rest_route=\/wp\/v2\/posts\/2625\/revisions"}],"predecessor-version":[{"id":2626,"href":"https:\/\/www.elregional.cl\/index.php?rest_route=\/wp\/v2\/posts\/2625\/revisions\/2626"}],"wp:attachment":[{"href":"https:\/\/www.elregional.cl\/index.php?rest_route=%2Fwp%2Fv2%2Fmedia&parent=2625"}],"wp:term":[{"taxonomy":"category","embeddable":true,"href":"https:\/\/www.elregional.cl\/index.php?rest_route=%2Fwp%2Fv2%2Fcategories&post=2625"},{"taxonomy":"post_tag","embeddable":true,"href":"https:\/\/www.elregional.cl\/index.php?rest_route=%2Fwp%2Fv2%2Ftags&post=2625"}],"curies":[{"name":"wp","href":"https:\/\/api.w.org\/{rel}","templated":true}]}}