{"id":2784,"date":"2025-01-07T05:30:03","date_gmt":"2025-01-07T05:30:03","guid":{"rendered":"https:\/\/www.elregional.cl\/?p=2784"},"modified":"2025-01-07T05:31:44","modified_gmt":"2025-01-07T05:31:44","slug":"onu-lamenta-muerte-de-otro-bebe-en-gaza-por-hipotermia","status":"publish","type":"post","link":"https:\/\/www.elregional.cl\/?p=2784","title":{"rendered":"ONU lamenta muerte de otro beb\u00e9 en Gaza por hipotermia"},"content":{"rendered":"<div class=\"post-header-inner\">\n<div class=\"post-header-title\">\n<h1 class=\"single-post-title\"><\/h1>\n<h2 class=\"post-subtitle\">\u00abEsta es la octava muerte infantil debido al fr\u00edo en menos de tres semanas. Estas muertes se podr\u00edan haber evitado si sus familias hubieran tenido acceso a la ayuda necesaria para proteger a estos ni\u00f1os\u00bb, ha indicado la Oficina de ONU para la Coordinaci\u00f3n de Asuntos Humanitarios (OCHA).<\/h2>\n<div class=\"post-meta single-post-meta\"><span class=\"time\"><time class=\"post-published updated\" datetime=\"2025-01-06T17:00:25-03:00\">\u00daltima actualizaci\u00f3n\u00a0<b>6 Ene, 2025<\/b><\/time><\/span>\u00a0<a class=\"comments\" title=\"Deja tu comentario sobre: \u200b\u200b&quot;ONU lamenta muerte de otro beb\u00e9 en Gaza por hipotermia&quot;\" href=\"https:\/\/www.elperiodista.cl\/2025\/01\/onu-lamenta-muerte-de-otro-bebe-en-gaza-por-hipotermia\/#respond\"><i class=\"fa fa-comments-o\"><\/i>\u00a00<\/a><\/div>\n<\/div>\n<\/div>\n<div class=\"entry-content clearfix single-post-content\">\n<div class=\"continue-reading-content\">\n<p>La Oficina de Naciones Unidas para la Coordinaci\u00f3n de Asuntos Humanitarios (OCHA) ha lamentado este lunes la muerte por hipotermia de otro beb\u00e9 en la Franja de Gaza, por lo que el n\u00famero de reci\u00e9n nacidos muertos asciende a ocho en las \u00faltimas semanas.<\/p>\n<p>\u00abEsta es la octava muerte infantil debido al fr\u00edo en menos de tres semanas. Estas muertes se podr\u00edan haber evitado si sus familias hubieran tenido acceso a la ayuda necesaria para proteger a estos ni\u00f1os\u00bb, ha indicado la OCHA en un comunicado.<\/p>\n<p>El beb\u00e9 muri\u00f3 durante la madrugada mientras dorm\u00eda en una tienda de campa\u00f1a para desplazados en la playa de Jan Yunis, al sur del enclave. Al observar a su hijo inm\u00f3vil, le trasladaron a un hospital cercano, si bien el equipo m\u00e9dico no pudo hacer nada para salvar su vida, seg\u00fan ha informado WAFA.<\/p>\n<p>M\u00e1s de 45.850 personas han muerto en Gaza por la ofensiva militar lanzada por Israel como respuesta a los atentados del 7 de octubre de 2023, seg\u00fan el nuevo balance publicado este lunes por el Ministerio de Sanidad gazat\u00ed, que cifra en 49 las v\u00edctimas mortales y en 75 los heridos registrados en las \u00faltimas 24 horas.<\/p>\n<\/div>\n<\/div>\n","protected":false},"excerpt":{"rendered":"<p>\u00abEsta es la octava muerte infantil debido al fr\u00edo en menos de tres semanas. Estas muertes se podr\u00edan haber evitado si sus familias hubieran tenido acceso a la ayuda necesaria para proteger a estos ni\u00f1os\u00bb, ha indicado la Oficina de ONU para la Coordinaci\u00f3n de Asuntos Humanitarios (OCHA). \u00daltima actualizaci\u00f3n\u00a06 Ene, 2025\u00a0\u00a00 La Oficina de &hellip;<\/p>\n","protected":false},"author":2,"featured_media":0,"comment_status":"closed","ping_status":"closed","sticky":false,"template":"","format":"standard","meta":{"footnotes":""},"categories":[4],"tags":[],"class_list":["post-2784","post","type-post","status-publish","format-standard","hentry","category-mundo"],"_links":{"self":[{"href":"https:\/\/www.elregional.cl\/index.php?rest_route=\/wp\/v2\/posts\/2784","targetHints":{"allow":["GET"]}}],"collection":[{"href":"https:\/\/www.elregional.cl\/index.php?rest_route=\/wp\/v2\/posts"}],"about":[{"href":"https:\/\/www.elregional.cl\/index.php?rest_route=\/wp\/v2\/types\/post"}],"author":[{"embeddable":true,"href":"https:\/\/www.elregional.cl\/index.php?rest_route=\/wp\/v2\/users\/2"}],"replies":[{"embeddable":true,"href":"https:\/\/www.elregional.cl\/index.php?rest_route=%2Fwp%2Fv2%2Fcomments&post=2784"}],"version-history":[{"count":1,"href":"https:\/\/www.elregional.cl\/index.php?rest_route=\/wp\/v2\/posts\/2784\/revisions"}],"predecessor-version":[{"id":2785,"href":"https:\/\/www.elregional.cl\/index.php?rest_route=\/wp\/v2\/posts\/2784\/revisions\/2785"}],"wp:attachment":[{"href":"https:\/\/www.elregional.cl\/index.php?rest_route=%2Fwp%2Fv2%2Fmedia&parent=2784"}],"wp:term":[{"taxonomy":"category","embeddable":true,"href":"https:\/\/www.elregional.cl\/index.php?rest_route=%2Fwp%2Fv2%2Fcategories&post=2784"},{"taxonomy":"post_tag","embeddable":true,"href":"https:\/\/www.elregional.cl\/index.php?rest_route=%2Fwp%2Fv2%2Ftags&post=2784"}],"curies":[{"name":"wp","href":"https:\/\/api.w.org\/{rel}","templated":true}]}}