{"id":2803,"date":"2025-01-08T03:29:46","date_gmt":"2025-01-08T03:29:46","guid":{"rendered":"https:\/\/www.elregional.cl\/?p=2803"},"modified":"2025-01-08T03:29:46","modified_gmt":"2025-01-08T03:29:46","slug":"chaleco-lopez-gana-la-3ra-etapa-del-dakar-y-sube-al-puesto-4-de-la-general","status":"publish","type":"post","link":"https:\/\/www.elregional.cl\/?p=2803","title":{"rendered":"Chaleco L\u00f3pez gana la 3ra etapa del Dakar y sube al puesto 4 de la general"},"content":{"rendered":"<p><a href=\"https:\/\/eldesconcierto.cl\/search\/chaleco%20l%C3%B3pez\" target=\"_blank\" rel=\"noopener\"><strong>Francisco Chaleco L\u00f3pez<\/strong><\/a>\u00a0del equipo Can-Am Factory Team, junto a su copiloto Pablo Latrach,\u00a0<strong>obtuvo su primera victoria en este\u00a0<a href=\"https:\/\/eldesconcierto.cl\/search\/dakar\" target=\"_blank\" rel=\"noopener\">Rally Dakar 2025<\/a><\/strong>, al ganar la Etapa 3 con su buggy n\u00famero 404.<\/p>\n<p>El triunfo en el\u00a0<strong>tramo acortado a 327 kil\u00f3metros<\/strong>\u00a0-originalmente eran 496- por lluvias en la zona, le permitieron al binomio nacional\u00a0<strong>avanzar cinco lugares y quedar a 1 hora 33 minutos del podio<\/strong>.<\/p>\n<p>Se ve amplia la ventaja del portugu\u00e9s Alexandre Pinto, quien est\u00e1 tercero, pero no es imposible cuando\u00a0<strong>a\u00fan faltan 9 etapas para el final.<\/strong>\u00a0Ya en 2019 en Per\u00fa, Chaleco L\u00f3pez supo remontar una distancia que parec\u00eda imposible.<\/p>\n","protected":false},"excerpt":{"rendered":"<p>Francisco Chaleco L\u00f3pez\u00a0del equipo Can-Am Factory Team, junto a su copiloto Pablo Latrach,\u00a0obtuvo su primera victoria en este\u00a0Rally Dakar 2025, al ganar la Etapa 3 con su buggy n\u00famero 404. El triunfo en el\u00a0tramo acortado a 327 kil\u00f3metros\u00a0-originalmente eran 496- por lluvias en la zona, le permitieron al binomio nacional\u00a0avanzar cinco lugares y quedar a &hellip;<\/p>\n","protected":false},"author":2,"featured_media":0,"comment_status":"closed","ping_status":"closed","sticky":false,"template":"","format":"standard","meta":{"footnotes":""},"categories":[5],"tags":[],"class_list":["post-2803","post","type-post","status-publish","format-standard","hentry","category-deportes"],"_links":{"self":[{"href":"https:\/\/www.elregional.cl\/index.php?rest_route=\/wp\/v2\/posts\/2803","targetHints":{"allow":["GET"]}}],"collection":[{"href":"https:\/\/www.elregional.cl\/index.php?rest_route=\/wp\/v2\/posts"}],"about":[{"href":"https:\/\/www.elregional.cl\/index.php?rest_route=\/wp\/v2\/types\/post"}],"author":[{"embeddable":true,"href":"https:\/\/www.elregional.cl\/index.php?rest_route=\/wp\/v2\/users\/2"}],"replies":[{"embeddable":true,"href":"https:\/\/www.elregional.cl\/index.php?rest_route=%2Fwp%2Fv2%2Fcomments&post=2803"}],"version-history":[{"count":1,"href":"https:\/\/www.elregional.cl\/index.php?rest_route=\/wp\/v2\/posts\/2803\/revisions"}],"predecessor-version":[{"id":2805,"href":"https:\/\/www.elregional.cl\/index.php?rest_route=\/wp\/v2\/posts\/2803\/revisions\/2805"}],"wp:attachment":[{"href":"https:\/\/www.elregional.cl\/index.php?rest_route=%2Fwp%2Fv2%2Fmedia&parent=2803"}],"wp:term":[{"taxonomy":"category","embeddable":true,"href":"https:\/\/www.elregional.cl\/index.php?rest_route=%2Fwp%2Fv2%2Fcategories&post=2803"},{"taxonomy":"post_tag","embeddable":true,"href":"https:\/\/www.elregional.cl\/index.php?rest_route=%2Fwp%2Fv2%2Ftags&post=2803"}],"curies":[{"name":"wp","href":"https:\/\/api.w.org\/{rel}","templated":true}]}}