{"id":2816,"date":"2025-01-08T08:32:51","date_gmt":"2025-01-08T08:32:51","guid":{"rendered":"https:\/\/www.elregional.cl\/?p=2816"},"modified":"2025-01-08T08:32:51","modified_gmt":"2025-01-08T08:32:51","slug":"minera-busca-comprar-yacimiento-al-sur-de-la-serena","status":"publish","type":"post","link":"https:\/\/www.elregional.cl\/?p=2816","title":{"rendered":"Minera busca comprar yacimiento al sur de La Serena"},"content":{"rendered":"<p><strong>Altiplano Metals\u00a0<\/strong>anunci\u00f3 que\u00a0<strong>la opci\u00f3n para adquirir la mina de cobre, oro y hierro (Cu-Au-Fe) Santa Beatriz<\/strong>\u00a0se ha extendido por un a\u00f1o. Este yacimiento\u00a0<strong>est\u00e1 ubicada aproximadamente a 45 kil\u00f3metros al sur de La Serena<\/strong>, y a 13 kil\u00f3metros al sur de<strong>\u00a0la planta de procesamiento El Pe\u00f1\u00f3n<\/strong>.<\/p>\n<p>Al respecto, e<strong>l presidente y director ejecutivo, Alastair McIntyre,\u00a0<\/strong>coment\u00f3 que \u201cestamos muy satisfechos con el progreso t\u00e9cnico y los resultados en Santa Beatriz.\u00a0<strong>La extensi\u00f3n de la opci\u00f3n nos brinda la oportunidad de continuar con nuestra exploraci\u00f3n y desarrollo para respaldar m\u00e1s trabajos subterr\u00e1neos.<\/strong>\u00a0Dadas las similitudes con la mina Farell\u00f3n y nuestros resultados t\u00e9cnicos positivos, nos alienta que\u00a0<strong>Santa Beatriz revele el potencial de proporcionar material de bajo costo y alta calidad para nuestro molino, lo que generar\u00e1 retornos positivos para la empresa\u201d.<\/strong><\/p>\n<div class=\"code-block code-block-4\">\n<div id=\"Inread\"><\/div>\n<\/div>\n<p>Seg\u00fan revelaron desde la compa\u00f1\u00eda,\u00a0<strong>Altiplano ha ampliado su opci\u00f3n para adquirir Santa Beatriz hasta diciembre de 2025<\/strong>. El acuerdo ofrece la oportunidad de continuar con los trabajos de<strong>\u00a0exploraci\u00f3n y preparaci\u00f3n de la mina<\/strong>. Los t\u00e9rminos originales de la compra final siguen siendo los mismos, con pagos mensuales de alquiler que aumentan de CLP3.500.000 a CLP5.000.000.<\/p>\n<p>El permiso de producci\u00f3n actual para Santa Beatriz es actualmente de\u00a0<strong>2.000 toneladas\/mes<\/strong>.<\/p>\n<p><strong>La producci\u00f3n puede ampliarse a 5.000 toneladas por mes, en el marco de proceso de obtenci\u00f3n de permisos para la peque\u00f1a miner\u00eda.<\/strong><\/p>\n<p>As\u00ed tambi\u00e9n,\u00a0<strong>se espera que la ampliaci\u00f3n se conceda una vez que la empresa haya completado los trabajos de desarrollo correspondientes<\/strong>. El proceso de obtenci\u00f3n de permisos puede completarse en unas semanas despu\u00e9s de presentar la solicitud.<\/p>\n<p>Altiplano comunic\u00f3 que ha generado m\u00e1s de\u00a0<strong>22,5 millones de d\u00f3lares canadienses<\/strong>\u00a0por la recuperaci\u00f3n y venta (despu\u00e9s de los costos de procesamiento) de m\u00e1s de\u00a0<strong>6,95 millones de libras de cobre<\/strong>\u00a0con una ley promedio de\u00a0<strong>1,8 % Cu<\/strong>\u00a0(diciembre de 2018 a junio de 2024). El flujo de caja se ha reinvertido en equipos, perforaci\u00f3n subterr\u00e1nea, expansi\u00f3n del desarrollo subterr\u00e1neo en Farell\u00f3n, mejora de la ventilaci\u00f3n para aumentar la productividad y la capacidad, nuevos desarrollos y exploraciones subterr\u00e1neas y la puesta en marcha del molino y la planta de flotaci\u00f3n adecuados para el prop\u00f3sito de El Pe\u00f1\u00f3n, ubicados a 15 km del sitio de Farell\u00f3n.<\/p>\n","protected":false},"excerpt":{"rendered":"<p>Altiplano Metals\u00a0anunci\u00f3 que\u00a0la opci\u00f3n para adquirir la mina de cobre, oro y hierro (Cu-Au-Fe) Santa Beatriz\u00a0se ha extendido por un a\u00f1o. Este yacimiento\u00a0est\u00e1 ubicada aproximadamente a 45 kil\u00f3metros al sur de La Serena, y a 13 kil\u00f3metros al sur de\u00a0la planta de procesamiento El Pe\u00f1\u00f3n. Al respecto, el presidente y director ejecutivo, Alastair McIntyre,\u00a0coment\u00f3 que &hellip;<\/p>\n","protected":false},"author":2,"featured_media":0,"comment_status":"closed","ping_status":"closed","sticky":false,"template":"","format":"standard","meta":{"footnotes":""},"categories":[2],"tags":[],"class_list":["post-2816","post","type-post","status-publish","format-standard","hentry","category-regionales"],"_links":{"self":[{"href":"https:\/\/www.elregional.cl\/index.php?rest_route=\/wp\/v2\/posts\/2816","targetHints":{"allow":["GET"]}}],"collection":[{"href":"https:\/\/www.elregional.cl\/index.php?rest_route=\/wp\/v2\/posts"}],"about":[{"href":"https:\/\/www.elregional.cl\/index.php?rest_route=\/wp\/v2\/types\/post"}],"author":[{"embeddable":true,"href":"https:\/\/www.elregional.cl\/index.php?rest_route=\/wp\/v2\/users\/2"}],"replies":[{"embeddable":true,"href":"https:\/\/www.elregional.cl\/index.php?rest_route=%2Fwp%2Fv2%2Fcomments&post=2816"}],"version-history":[{"count":1,"href":"https:\/\/www.elregional.cl\/index.php?rest_route=\/wp\/v2\/posts\/2816\/revisions"}],"predecessor-version":[{"id":2818,"href":"https:\/\/www.elregional.cl\/index.php?rest_route=\/wp\/v2\/posts\/2816\/revisions\/2818"}],"wp:attachment":[{"href":"https:\/\/www.elregional.cl\/index.php?rest_route=%2Fwp%2Fv2%2Fmedia&parent=2816"}],"wp:term":[{"taxonomy":"category","embeddable":true,"href":"https:\/\/www.elregional.cl\/index.php?rest_route=%2Fwp%2Fv2%2Fcategories&post=2816"},{"taxonomy":"post_tag","embeddable":true,"href":"https:\/\/www.elregional.cl\/index.php?rest_route=%2Fwp%2Fv2%2Ftags&post=2816"}],"curies":[{"name":"wp","href":"https:\/\/api.w.org\/{rel}","templated":true}]}}