{"id":2833,"date":"2025-01-11T05:48:22","date_gmt":"2025-01-11T05:48:22","guid":{"rendered":"https:\/\/www.elregional.cl\/?p=2833"},"modified":"2025-01-11T05:50:14","modified_gmt":"2025-01-11T05:50:14","slug":"detienen-en-colombia-a-autor-de-homicidio-en-la-serena","status":"publish","type":"post","link":"https:\/\/www.elregional.cl\/?p=2833","title":{"rendered":"Detienen en Colombia a autor de homicidio en La Serena"},"content":{"rendered":"<div class=\"td-header-wrap\">\n<div id=\"td-header-menu\">\n<div class=\"td-main-menu-logo\"><\/div>\n<\/div>\n<\/div>\n<div class=\"td-container\">\n<article id=\"post-49295\" class=\"post-49295 post type-post status-publish format-standard hentry category-policial\">\n<div class=\"td-post-header\">\n<header class=\"td-post-title\">\n<div class=\"td-module-meta-info\"><\/div>\n<\/header>\n<\/div>\n<div class=\"td-post-content\">\n<div class=\"td-post-sharing td-post-sharing-top\">\n<div class=\"td-default-sharing\"><i class=\"td-icon-facebook\"><\/i>\u00a0<i class=\"td-icon-twitter\"><\/i>\u00a0<i class=\"td-icon-googleplus\"><\/i>\u00a0<i class=\"td-icon-pinterest\"><\/i>\u00a0<i class=\"td-icon-whatsapp\"><\/i><\/div>\n<\/div>\n<p><em><strong>DavidNoticias.cl<\/strong><\/em><\/p>\n<p><em><strong>OCN Interpol Santiago inform\u00f3 sobre la detenci\u00f3n por parte de la Polic\u00eda Colombiana de un ciudadano colombiano quien era requerido por la justicia chilena por el delito de Homicidio, hecho ocurrido en la ciudad de La Serena.<\/strong><\/em><\/p>\n<p>El delito fue cometido en el contexto previo de un partido de f\u00fatbol entre un equipo chileno y uno extranjero, caso investigado por la Brigada de Homicidios de La Serena y el Ministerio P\u00fablico.<\/p>\n<p>La subcomisaria Yngrid Mu\u00f1oz de Interpol Chile entreg\u00f3 detalles sobre la captura del extranjero vinculado al delito. Esto ocurri\u00f3 en abril de 2024, cuando la v\u00edctima junto a un amigo viajaban hacia La Serena para asistir a un partido de f\u00fatbol, siendo interceptados por otros extranjeros que, previo a una discusi\u00f3n, los habr\u00edan atacado en el estacionamiento de un centro comercial, provocando el fallecimiento de uno de ellos.<\/p>\n<p>El trabajo investigativo de los detectives de la Brigada de Homicidios La Serena y la coordinaci\u00f3n internacional entre la PDI y la polic\u00eda colombiana, fue medular para localizar y levantar la alerta Roja que permiti\u00f3 detener al imputado de 20 a\u00f1os en Bogot\u00e1, Colombia, quien debe ser entregado a las autoridades nacionales tras las gestiones para el proceso de extradici\u00f3n<\/p>\n<\/div>\n<\/article>\n<\/div>\n","protected":false},"excerpt":{"rendered":"<p>\u00a0\u00a0\u00a0\u00a0 DavidNoticias.cl OCN Interpol Santiago inform\u00f3 sobre la detenci\u00f3n por parte de la Polic\u00eda Colombiana de un ciudadano colombiano quien era requerido por la justicia chilena por el delito de Homicidio, hecho ocurrido en la ciudad de La Serena. El delito fue cometido en el contexto previo de un partido de f\u00fatbol entre un equipo &hellip;<\/p>\n","protected":false},"author":2,"featured_media":0,"comment_status":"closed","ping_status":"closed","sticky":false,"template":"","format":"standard","meta":{"footnotes":""},"categories":[2],"tags":[],"class_list":["post-2833","post","type-post","status-publish","format-standard","hentry","category-regionales"],"_links":{"self":[{"href":"https:\/\/www.elregional.cl\/index.php?rest_route=\/wp\/v2\/posts\/2833","targetHints":{"allow":["GET"]}}],"collection":[{"href":"https:\/\/www.elregional.cl\/index.php?rest_route=\/wp\/v2\/posts"}],"about":[{"href":"https:\/\/www.elregional.cl\/index.php?rest_route=\/wp\/v2\/types\/post"}],"author":[{"embeddable":true,"href":"https:\/\/www.elregional.cl\/index.php?rest_route=\/wp\/v2\/users\/2"}],"replies":[{"embeddable":true,"href":"https:\/\/www.elregional.cl\/index.php?rest_route=%2Fwp%2Fv2%2Fcomments&post=2833"}],"version-history":[{"count":1,"href":"https:\/\/www.elregional.cl\/index.php?rest_route=\/wp\/v2\/posts\/2833\/revisions"}],"predecessor-version":[{"id":2834,"href":"https:\/\/www.elregional.cl\/index.php?rest_route=\/wp\/v2\/posts\/2833\/revisions\/2834"}],"wp:attachment":[{"href":"https:\/\/www.elregional.cl\/index.php?rest_route=%2Fwp%2Fv2%2Fmedia&parent=2833"}],"wp:term":[{"taxonomy":"category","embeddable":true,"href":"https:\/\/www.elregional.cl\/index.php?rest_route=%2Fwp%2Fv2%2Fcategories&post=2833"},{"taxonomy":"post_tag","embeddable":true,"href":"https:\/\/www.elregional.cl\/index.php?rest_route=%2Fwp%2Fv2%2Ftags&post=2833"}],"curies":[{"name":"wp","href":"https:\/\/api.w.org\/{rel}","templated":true}]}}