{"id":2848,"date":"2025-01-11T06:45:19","date_gmt":"2025-01-11T06:45:19","guid":{"rendered":"https:\/\/www.elregional.cl\/?p=2848"},"modified":"2025-01-11T06:45:19","modified_gmt":"2025-01-11T06:45:19","slug":"fernando-diaz-demando-a-coquimbo-unido-y-exigio-millonaria-compensacion","status":"publish","type":"post","link":"https:\/\/www.elregional.cl\/?p=2848","title":{"rendered":"Fernando D\u00edaz demand\u00f3 a Coquimbo Unido y exigi\u00f3 millonaria compensaci\u00f3n"},"content":{"rendered":"<p>&nbsp;<\/p>\n<p>Cooperativa.cl<\/p>\n<p>El DT acus\u00f3 un despido injustificado.<\/p>\n<p>A casi tres meses de su despido, el entrenador Fernando D\u00edaz carg\u00f3 legalmente contra Coquimbo Unido y solicit\u00f3 una considerable compensaci\u00f3n econ\u00f3mica.<\/p>\n<p>El diario El D\u00eda de Coquimbo revel\u00f3 que el t\u00e9cnico present\u00f3 una demanda por \u00abdespido injustificado\u00bb, la cual fue ingresada por su abogado, Francisco Moya, el pasado 24 de diciembre.<\/p>\n<p>De acuerdo con la publicaci\u00f3n, D\u00edaz exigi\u00f3 un monto de $150 millones de pesos por pagos pendientes y compensaciones por los da\u00f1os econ\u00f3micos y profesionales que trajo el fin de la relaci\u00f3n contractual.<\/p>\n<p>&nbsp;<\/p>\n<p>Tras salvar la categor\u00eda en su llegada a los \u00abpiratas\u00bb en 2022 y al a\u00f1o sacar pasajes a Copa Sudamericana, D\u00edaz vivi\u00f3 un complejo 2024.<\/p>\n<p>El elenco conducido por D\u00edaz fue protagonista del primer semestre y hasta ocup\u00f3 el primer lugar de la tabla, pero tuvo una p\u00e9sima segunda rueda que terminaron con su salida.<\/p>\n<p>El adi\u00f3s de D\u00edaz del puerto estuvo lejos de ser tranquilo, ya que dispar\u00f3 a su ahora exayudante Esteban Gonz\u00e1lez, quien se qued\u00f3 con su puesto como interino y luego fue ratificado para la temporada 2025.<\/p>\n","protected":false},"excerpt":{"rendered":"<p>&nbsp; Cooperativa.cl El DT acus\u00f3 un despido injustificado. A casi tres meses de su despido, el entrenador Fernando D\u00edaz carg\u00f3 legalmente contra Coquimbo Unido y solicit\u00f3 una considerable compensaci\u00f3n econ\u00f3mica. El diario El D\u00eda de Coquimbo revel\u00f3 que el t\u00e9cnico present\u00f3 una demanda por \u00abdespido injustificado\u00bb, la cual fue ingresada por su abogado, Francisco Moya, &hellip;<\/p>\n","protected":false},"author":2,"featured_media":0,"comment_status":"closed","ping_status":"closed","sticky":false,"template":"","format":"standard","meta":{"footnotes":""},"categories":[13],"tags":[],"class_list":["post-2848","post","type-post","status-publish","format-standard","hentry","category-coquimbo"],"_links":{"self":[{"href":"https:\/\/www.elregional.cl\/index.php?rest_route=\/wp\/v2\/posts\/2848","targetHints":{"allow":["GET"]}}],"collection":[{"href":"https:\/\/www.elregional.cl\/index.php?rest_route=\/wp\/v2\/posts"}],"about":[{"href":"https:\/\/www.elregional.cl\/index.php?rest_route=\/wp\/v2\/types\/post"}],"author":[{"embeddable":true,"href":"https:\/\/www.elregional.cl\/index.php?rest_route=\/wp\/v2\/users\/2"}],"replies":[{"embeddable":true,"href":"https:\/\/www.elregional.cl\/index.php?rest_route=%2Fwp%2Fv2%2Fcomments&post=2848"}],"version-history":[{"count":1,"href":"https:\/\/www.elregional.cl\/index.php?rest_route=\/wp\/v2\/posts\/2848\/revisions"}],"predecessor-version":[{"id":2850,"href":"https:\/\/www.elregional.cl\/index.php?rest_route=\/wp\/v2\/posts\/2848\/revisions\/2850"}],"wp:attachment":[{"href":"https:\/\/www.elregional.cl\/index.php?rest_route=%2Fwp%2Fv2%2Fmedia&parent=2848"}],"wp:term":[{"taxonomy":"category","embeddable":true,"href":"https:\/\/www.elregional.cl\/index.php?rest_route=%2Fwp%2Fv2%2Fcategories&post=2848"},{"taxonomy":"post_tag","embeddable":true,"href":"https:\/\/www.elregional.cl\/index.php?rest_route=%2Fwp%2Fv2%2Ftags&post=2848"}],"curies":[{"name":"wp","href":"https:\/\/api.w.org\/{rel}","templated":true}]}}