{"id":2857,"date":"2025-01-11T07:36:28","date_gmt":"2025-01-11T07:36:28","guid":{"rendered":"https:\/\/www.elregional.cl\/?p=2857"},"modified":"2025-01-11T07:36:28","modified_gmt":"2025-01-11T07:36:28","slug":"por-calor-extremo-decretan-alerta-roja-entre-regiones-metropolitana-y-nuble","status":"publish","type":"post","link":"https:\/\/www.elregional.cl\/?p=2857","title":{"rendered":"Por calor extremo: Decretan alerta roja entre regiones Metropolitana y \u00d1uble"},"content":{"rendered":"<header class=\"modulo-header\">\n<nav class=\"navbar navbar-dark bg-dark\">\n<div class=\"container-fluid\"><\/div>\n<\/nav>\n<\/header>\n<div class=\"art-global\">\n<div class=\"rotulo-topicos container-fluid\"><\/div>\n<section class=\"col-12 \">\n<article id=\"articulo_id\" class=\"container-fluid\">\n<div class=\"contenedor-bajada\">\n<div class=\"texto-bajada\">\n<p>El aviso se extiende a cuatro provincias de la Regi\u00f3n de Valpara\u00edso y a la provincia del Biob\u00edo, en la regi\u00f3n hom\u00f3nima.<\/p>\n<p>Por otro lado, sigue la alerta amarilla por las altas temperaturas extremas entre la regi\u00f3n de Coquimbo y la regi\u00f3n de los R\u00edos.<\/p>\n<\/div>\n<\/div>\n<figure class=\"figure\"><\/figure>\n<div class=\"botones-llevatelo\">\n<div id=\"copiar-url\">La ministra de Interior, <strong>Carolina Toh\u00e1,<\/strong>\u00a0confirm\u00f3 este viernes el decreto de una alerta roja entre las regiones\u00a0<strong>Metropolitana<\/strong>\u00a0y de\u00a0<strong>\u00d1uble<\/strong>\u00a0debido a las altas temperaturas que se esperan para este fin de semana.<\/div>\n<\/div>\n<div id=\"contenedor-cuerpo\" class=\"row contenedor-cuerpo mt-4 mb-4\">\n<div id=\"contenedor-leermas\" class=\"cuerpo-articulo contenedor-leermas\">\n<div id=\"cuerpo-ad\" class=\"cuerpo-ad\">\n<p>El aviso se extiende tambi\u00e9n a\u00a0<strong>cuatro provincias de la Regi\u00f3n de Valpara\u00edso<\/strong>\u00a0-San Felipe, Los Andes, Petorca y Quillota- y a la provincia del\u00a0<strong>Biob\u00edo,<\/strong>\u00a0en la regi\u00f3n hom\u00f3nima.<\/p>\n<p><strong>Para este viernes se espera que las temperaturas alcancen hasta 35\u00b0C.<\/strong>\u00a0<a href=\"https:\/\/www.cooperativa.cl\/noticias\/pais\/tiempo\/el-calor-no-cede-zona-central-alcanzara-hasta-los-37-grados-el-fin-de\/2025-01-09\/141839.html\">El s\u00e1bado podr\u00edan llegar a 37\u00b0C<\/a>, mientras que el domingo se anticipa un ligero descenso, con m\u00e1ximas de 34\u00b0C.<\/p>\n<div>\n<div class=\"modulo-lee\">\n<div class=\"contenedor-rotulo-seccion\">\n<div class=\"rotulo-seccion\"><\/div>\n<\/div>\n<div id=\"data\">\n<article>\n<h3 class=\"titular titular-noticia\"><\/h3>\n<\/article>\n<\/div>\n<\/div>\n<\/div>\n<p>En ese contexto, \u00abel llamado principal a la poblaci\u00f3n es a\u00a0<strong>tener conductas de cuidado, de prevenci\u00f3n y de responsabilidad, porque todos los incendios los iniciamos las personas<\/strong>. Llevamos como 2.800 incendios este a\u00f1o, o sea, han habido miles de personas -por lo menos una por cada incendio, y en varios de ellos, m\u00e1s de una- que han tenido conductas de riesgo, que han dado lugar a incendios\u00bb, manifest\u00f3 Toh\u00e1.<\/p>\n<div id=\"coop_m_parallax_1\" class=\"publicidad_dfp deco_99158_dfp\">\n<div id=\"deco_99711_dfp\" class=\"deco_99711_dfp\">\n<div id=\"contenedor-global\" class=\"contenedor-global\">\n<section class=\"contenedor-bloque-parallax\">\n<div class=\"parallax__container\">\n<div class=\"parallax\">\n<div id=\"coop_m_parallax_1_1\" class=\"coop_blockSlot loaded\" data-adunit=\"coop_m_parallax_1_1\" data-slot=\"\/1020719\/coop_m_parallax_1\" data-dimensions=\"7\" data-google-query-id=\"CNbo8rGQ7YoDFehMuAQdzQg2Tw\">\n<div id=\"google_ads_iframe_\/1020719\/coop_m_parallax_1_0__container__\"><\/div>\n<\/div>\n<\/div>\n<\/div>\n<\/section>\n<\/div>\n<\/div>\n<\/div>\n<p>La ministra comunic\u00f3 que\u00a0<strong>a estas alturas en el 2024 se llevaba una sola ola de calor, mientras que este a\u00f1o ya son 14<\/strong>. Asimismo, dijo que ha existido un 28% m\u00e1s de incendios forestales que en la temporada pasada, pero se ha quemado un 4% menos de superficie.<\/p>\n<p>La alerta roja est\u00e1 vigente desde este viernes, basada en el informe emitido por la Direcci\u00f3n Meteorol\u00f3gica de Chile (DMC). Dicho aviso advierte sobre\u00a0<strong>altas temperaturas que impactar\u00e1n la Cordillera de la Costa, el Valle y la Precordillera de la Regi\u00f3n Metropolitana desde la tarde de ayer hasta el domingo 12 de enero<\/strong>.<\/p>\n<p>Respecto al calor en la capital, el gobernador metropolitano,\u00a0<strong>Claudio Orrego<\/strong>, indic\u00f3 que, \u00abpara este fin de semana, creo que<strong>\u00a0la principal medida es educaci\u00f3n y llamado al autocuidado<\/strong>\u00ab.<\/p>\n<p>\u00ab<strong>Cuando t\u00fa expones el cuerpo de cualquier persona a m\u00e1s de 30 grados sin protecci\u00f3n est\u00e1s exponiendo tu salud<\/strong>. Pero tambi\u00e9n est\u00e1 la seguridad frente a la vida, y la vida tambi\u00e9n ser\u00eda amenazada por el calor.\u00a0<strong>Tener una ciudad m\u00e1s humana y m\u00e1s resiliente al cambio clim\u00e1tico<\/strong>,<strong>\u00a0es una manera tambi\u00e9n de proteger la vida de las personas<\/strong>\u00ab, puntualiz\u00f3 la autoridad.<\/p>\n<p>En tanto, la acad\u00e9mica del Centro de Investigaci\u00f3n para la Gesti\u00f3n Integrada del Riesgo de Desastres,<strong>\u00a0Magdalena Gil<\/strong>, indic\u00f3 que \u00ab<strong>ya con las temperaturas que tenemos en un verano normal<\/strong>,<strong>\u00a0tenemos que cambiar nuestras pr\u00e1cticas<\/strong>. Nuestros cuerpos est\u00e1n a 36-36 y medio (grados), eso siempre hay que tenerlo claro\u00bb.<\/p>\n<p>\u00abMientras m\u00e1s se acerque la temperatura a eso o la sobrepasa, tu cuerpo, aunque sea sano,\u00a0<strong>va a estar estresado<\/strong>\u00ab, advirti\u00f3.<\/p>\n<h2><em><strong>Mesa t\u00e9cnica del Senapred<\/strong><\/em><\/h2>\n<p>Por lo anterior, esta ma\u00f1ana se celebr\u00f3 una mesa t\u00e9cnica en la sede central del Servicio Nacional de Prevenci\u00f3n y Respuesta ante Desastres (Senapred), durante la cual\u00a0<strong>comparecieron telem\u00e1ticamente equipos desde Coquimbo hasta Los R\u00edos<\/strong>.<\/p>\n<p>En la oportunidad, las autoridades repasaron la\u00a0<strong>estrategia de golpe \u00fanico<\/strong>\u00a0que se est\u00e1 implementando frente a los siniestros de esta temporada, es decir, que\u00a0<strong>en el inicio del fuego, se ponen todos los recursos y esfuerzos<\/strong>\u00a0para evitar que \u00e9ste se propague.<\/p>\n<p>Dado que las temperaturas ser\u00e1n especialmente altas entre el Maule y el Biob\u00edo, la\u00a0<strong>directora del Senapred, Alicia Cebri\u00e1n<\/strong>, destac\u00f3 que en esa zona \u00abse han adicionado acciones como\u00a0<strong>monitoreo, prevenci\u00f3n, despliegue preventivo en los territorios, y sobre todo comunicaci\u00f3n de riesgo<\/strong>, para informar a la ciudadan\u00eda sobre la amenaza de calor, y c\u00f3mo esta puede impactar en su salud\u00bb.<\/p>\n<div class=\"twitter-tweet twitter-tweet-rendered\"><iframe id=\"twitter-widget-0\" class=\"\" title=\"X Post\" src=\"https:\/\/platform.twitter.com\/embed\/Tweet.html?creatorScreenName=Cooperativa.cl&amp;dnt=false&amp;embedId=twitter-widget-0&amp;features=eyJ0ZndfdGltZWxpbmVfbGlzdCI6eyJidWNrZXQiOltdLCJ2ZXJzaW9uIjpudWxsfSwidGZ3X2ZvbGxvd2VyX2NvdW50X3N1bnNldCI6eyJidWNrZXQiOnRydWUsInZlcnNpb24iOm51bGx9LCJ0ZndfdHdlZXRfZWRpdF9iYWNrZW5kIjp7ImJ1Y2tldCI6Im9uIiwidmVyc2lvbiI6bnVsbH0sInRmd19yZWZzcmNfc2Vzc2lvbiI6eyJidWNrZXQiOiJvbiIsInZlcnNpb24iOm51bGx9LCJ0ZndfZm9zbnJfc29mdF9pbnRlcnZlbnRpb25zX2VuYWJsZWQiOnsiYnVja2V0Ijoib24iLCJ2ZXJzaW9uIjpudWxsfSwidGZ3X21peGVkX21lZGlhXzE1ODk3Ijp7ImJ1Y2tldCI6InRyZWF0bWVudCIsInZlcnNpb24iOm51bGx9LCJ0ZndfZXhwZXJpbWVudHNfY29va2llX2V4cGlyYXRpb24iOnsiYnVja2V0IjoxMjA5NjAwLCJ2ZXJzaW9uIjpudWxsfSwidGZ3X3Nob3dfYmlyZHdhdGNoX3Bpdm90c19lbmFibGVkIjp7ImJ1Y2tldCI6Im9uIiwidmVyc2lvbiI6bnVsbH0sInRmd19kdXBsaWNhdGVfc2NyaWJlc190b19zZXR0aW5ncyI6eyJidWNrZXQiOiJvbiIsInZlcnNpb24iOm51bGx9LCJ0ZndfdXNlX3Byb2ZpbGVfaW1hZ2Vfc2hhcGVfZW5hYmxlZCI6eyJidWNrZXQiOiJvbiIsInZlcnNpb24iOm51bGx9LCJ0ZndfdmlkZW9faGxzX2R5bmFtaWNfbWFuaWZlc3RzXzE1MDgyIjp7ImJ1Y2tldCI6InRydWVfYml0cmF0ZSIsInZlcnNpb24iOm51bGx9LCJ0ZndfbGVnYWN5X3RpbWVsaW5lX3N1bnNldCI6eyJidWNrZXQiOnRydWUsInZlcnNpb24iOm51bGx9LCJ0ZndfdHdlZXRfZWRpdF9mcm9udGVuZCI6eyJidWNrZXQiOiJvbiIsInZlcnNpb24iOm51bGx9fQ%3D%3D&amp;frame=false&amp;hideCard=false&amp;hideThread=false&amp;id=1877697375826829476&amp;lang=es&amp;origin=https%3A%2F%2Fcooperativa.cl%2Fnoticias%2Fpais%2Ftiempo%2Fpor-calor-extremo-decretan-alerta-roja-entre-regiones-metropolitana-y%2F2025-01-10%2F124602.html&amp;sessionId=5c52c0f4906c82d412a762afa5998cd6c6a65e46&amp;siteScreenName=Cooperativa.cl&amp;theme=light&amp;widgetsVersion=2615f7e52b7e0%3A1702314776716&amp;width=550px\" frameborder=\"0\" scrolling=\"no\" allowfullscreen=\"allowfullscreen\" data-tweet-id=\"1877697375826829476\" data-mce-fragment=\"1\"><\/iframe><\/div>\n<p>Otra de las medidas a emplear este fin de semana\u00a0<a href=\"https:\/\/tinyurl.com\/2aj7k9pz\">ser\u00e1 el\u00a0<strong>cierre de algunas reservas y parques nacionales<\/strong>,<\/a>\u00a0con el fin de cuidarlos frente la posibilidad de que se produzca una emergencia.<\/p>\n<p>Se hizo un llamado tambi\u00e9n a cuidarse y a protegerse del sol, a hidratarse, y a que los empleadores cumplan las condiciones que se est\u00e1n imponiendo, debido a que entre las once de la ma\u00f1ana y las cinco de la tarde se est\u00e1 implementando el plan Faena cero, con el fin de\u00a0<strong>evitar posibles chipas que puedan generar un incendio<\/strong>.<\/p>\n<p>En tanto, desde el Ministerio de Salud,\u00a0<strong>Valentina Pino<\/strong>,<strong>\u00a0del Departamento de Red de Urgencias<\/strong>, llam\u00f3 a \u00ab<strong>dejar de realizar la actividad f\u00edsica que est\u00e1bamos realizando al aire libre<\/strong>\u00a0si estamos expuestos a altas temperaturas\u00bb.<\/p>\n<p>A esto sum\u00f3 el \u00ab<strong>descansar en un lugar fresco<\/strong>, es decir, llevar a nuestro familiar o movilizarnos nosotros si estamos experimentando esta sintomatolog\u00eda, a alg\u00fan lugar que est\u00e9 con sombra y que sea un lugar fresco\u00bb, adem\u00e1s de \u00ab<strong>consumir l\u00edquidos fr\u00edos que no sean azucarados ni gasificados<\/strong>\u00ab.<\/p>\n<p>\u00abSin embargo, si nuestro familiar est\u00e1 con alg\u00fan compromiso de conciencia<strong>, no hay que darle a beber nada ni tampoco a comer hasta que no sea evaluado por un profesional del \u00e1rea de la salud<\/strong>\u00ab,<\/p>\n<\/div>\n<\/div>\n<\/div>\n<\/article>\n<\/section>\n<\/div>\n","protected":false},"excerpt":{"rendered":"<p>El aviso se extiende a cuatro provincias de la Regi\u00f3n de Valpara\u00edso y a la provincia del Biob\u00edo, en la regi\u00f3n hom\u00f3nima. Por otro lado, sigue la alerta amarilla por las altas temperaturas extremas entre la regi\u00f3n de Coquimbo y la regi\u00f3n de los R\u00edos. La ministra de Interior, Carolina Toh\u00e1,\u00a0confirm\u00f3 este viernes el decreto &hellip;<\/p>\n","protected":false},"author":2,"featured_media":0,"comment_status":"closed","ping_status":"closed","sticky":false,"template":"","format":"standard","meta":{"footnotes":""},"categories":[3],"tags":[],"class_list":["post-2857","post","type-post","status-publish","format-standard","hentry","category-pais"],"_links":{"self":[{"href":"https:\/\/www.elregional.cl\/index.php?rest_route=\/wp\/v2\/posts\/2857","targetHints":{"allow":["GET"]}}],"collection":[{"href":"https:\/\/www.elregional.cl\/index.php?rest_route=\/wp\/v2\/posts"}],"about":[{"href":"https:\/\/www.elregional.cl\/index.php?rest_route=\/wp\/v2\/types\/post"}],"author":[{"embeddable":true,"href":"https:\/\/www.elregional.cl\/index.php?rest_route=\/wp\/v2\/users\/2"}],"replies":[{"embeddable":true,"href":"https:\/\/www.elregional.cl\/index.php?rest_route=%2Fwp%2Fv2%2Fcomments&post=2857"}],"version-history":[{"count":1,"href":"https:\/\/www.elregional.cl\/index.php?rest_route=\/wp\/v2\/posts\/2857\/revisions"}],"predecessor-version":[{"id":2859,"href":"https:\/\/www.elregional.cl\/index.php?rest_route=\/wp\/v2\/posts\/2857\/revisions\/2859"}],"wp:attachment":[{"href":"https:\/\/www.elregional.cl\/index.php?rest_route=%2Fwp%2Fv2%2Fmedia&parent=2857"}],"wp:term":[{"taxonomy":"category","embeddable":true,"href":"https:\/\/www.elregional.cl\/index.php?rest_route=%2Fwp%2Fv2%2Fcategories&post=2857"},{"taxonomy":"post_tag","embeddable":true,"href":"https:\/\/www.elregional.cl\/index.php?rest_route=%2Fwp%2Fv2%2Ftags&post=2857"}],"curies":[{"name":"wp","href":"https:\/\/api.w.org\/{rel}","templated":true}]}}