{"id":2863,"date":"2025-01-11T09:27:25","date_gmt":"2025-01-11T09:27:25","guid":{"rendered":"https:\/\/www.elregional.cl\/?p=2863"},"modified":"2025-01-11T09:28:46","modified_gmt":"2025-01-11T09:28:46","slug":"chaleco-lopez-gana-quinta-etapa-del-rally-dakar-y-acecha-al-lider","status":"publish","type":"post","link":"https:\/\/www.elregional.cl\/?p=2863","title":{"rendered":"Chaleco L\u00f3pez gana quinta etapa del Rally Dakar y acecha al l\u00edder"},"content":{"rendered":"<p>Fue un gran trabajo del piloto, su navegante Juan Pablo Latrach y del equipo Can-Am para ganar la segunda etapa de la versi\u00f3n 47\u00b0 de la carrera m\u00e1s extrema del mundo. Esta vez fue entre las localidades de Alula y Hail, con una extensi\u00f3n total de 492 kil\u00f3metros, de los cuales 428 fueron de especiales.<\/p>\n<p>Con esta victoria, L\u00f3pez Contardo qued\u00f3 a 1 carrera de alcanzar a Ignacio Casale, quien posee 25 triunfos en sus m\u00e1s de 15 a\u00f1os corriendo en la competencia. Del total de 24 conquistas del curicano, 10 fueron en la serie motos y 14 son en la categor\u00eda autos.<\/p>\n<p>&nbsp;<\/p>\n<p>El chileno se impuso en la Etapa 5 con 5 horas 02 minutos 26 segundos, superando por 20\u201948\u201d a Brock Heger y por 20\u201951\u201d a Xavier de Soultrait.<\/p>\n<p>&nbsp;<\/p>\n<p>Con este resultado, el estadounidense Heger conserva la cabeza de la general con 31 horas 48 minutos 54 segundos, 1:21\u201930\u201d de ventaja sobre el franc\u00e9s De Soultrait, 1:37\u201920\u201d del portugu\u00e9s Alexandre Pinto y 2:01\u201950\u201d de L\u00f3pez. Es decir, el maulino acort\u00f3 la distancia del segundo puesto a 40 minutos y qued\u00f3 a 24\u2019 de tercero.<\/p>\n","protected":false},"excerpt":{"rendered":"<p>Fue un gran trabajo del piloto, su navegante Juan Pablo Latrach y del equipo Can-Am para ganar la segunda etapa de la versi\u00f3n 47\u00b0 de la carrera m\u00e1s extrema del mundo. Esta vez fue entre las localidades de Alula y Hail, con una extensi\u00f3n total de 492 kil\u00f3metros, de los cuales 428 fueron de especiales. &hellip;<\/p>\n","protected":false},"author":2,"featured_media":0,"comment_status":"closed","ping_status":"closed","sticky":false,"template":"","format":"standard","meta":{"footnotes":""},"categories":[5],"tags":[],"class_list":["post-2863","post","type-post","status-publish","format-standard","hentry","category-deportes"],"_links":{"self":[{"href":"https:\/\/www.elregional.cl\/index.php?rest_route=\/wp\/v2\/posts\/2863","targetHints":{"allow":["GET"]}}],"collection":[{"href":"https:\/\/www.elregional.cl\/index.php?rest_route=\/wp\/v2\/posts"}],"about":[{"href":"https:\/\/www.elregional.cl\/index.php?rest_route=\/wp\/v2\/types\/post"}],"author":[{"embeddable":true,"href":"https:\/\/www.elregional.cl\/index.php?rest_route=\/wp\/v2\/users\/2"}],"replies":[{"embeddable":true,"href":"https:\/\/www.elregional.cl\/index.php?rest_route=%2Fwp%2Fv2%2Fcomments&post=2863"}],"version-history":[{"count":1,"href":"https:\/\/www.elregional.cl\/index.php?rest_route=\/wp\/v2\/posts\/2863\/revisions"}],"predecessor-version":[{"id":2864,"href":"https:\/\/www.elregional.cl\/index.php?rest_route=\/wp\/v2\/posts\/2863\/revisions\/2864"}],"wp:attachment":[{"href":"https:\/\/www.elregional.cl\/index.php?rest_route=%2Fwp%2Fv2%2Fmedia&parent=2863"}],"wp:term":[{"taxonomy":"category","embeddable":true,"href":"https:\/\/www.elregional.cl\/index.php?rest_route=%2Fwp%2Fv2%2Fcategories&post=2863"},{"taxonomy":"post_tag","embeddable":true,"href":"https:\/\/www.elregional.cl\/index.php?rest_route=%2Fwp%2Fv2%2Ftags&post=2863"}],"curies":[{"name":"wp","href":"https:\/\/api.w.org\/{rel}","templated":true}]}}