{"id":2892,"date":"2025-01-13T08:15:22","date_gmt":"2025-01-13T08:15:22","guid":{"rendered":"https:\/\/www.elregional.cl\/?p=2892"},"modified":"2025-01-13T08:20:16","modified_gmt":"2025-01-13T08:20:16","slug":"declaran-alerta-temprana-preventiva-por-tormentas-electricas-en-comunas-de-la-region","status":"publish","type":"post","link":"https:\/\/www.elregional.cl\/?p=2892","title":{"rendered":"Declaran alerta temprana preventiva por tormentas el\u00e9ctricas en comunas de la regi\u00f3n"},"content":{"rendered":"<div class=\"td-post-header\">\n<header class=\"td-post-title\">\n<h1 class=\"entry-title\"><\/h1>\n<div class=\"td-module-meta-info\"><\/div>\n<\/header>\n<\/div>\n<div class=\"td-post-content\">\n<div class=\"td-post-sharing td-post-sharing-top\">\n<div class=\"td-default-sharing\"><i class=\"td-icon-facebook\"><\/i>\u00a0<i class=\"td-icon-twitter\"><\/i>\u00a0<i class=\"td-icon-googleplus\"><\/i>\u00a0<i class=\"td-icon-pinterest\"><\/i>\u00a0<i class=\"td-icon-whatsapp\"><\/i><\/div>\n<\/div>\n<div class=\"content-alert\">\n<div id=\"publishView\">\n<div class=\"contenido\">\n<p><em><strong>DavidNoticias.cl<\/strong><\/em><\/p>\n<p><em><strong>De acuerdo con la informaci\u00f3n proporcionada por la Direcci\u00f3n Meteorol\u00f3gica de Chile (DMC), se encuentra vigente el siguiente alertamiento meteorol\u00f3gico para la Regi\u00f3n de Coquimbo:<\/strong><\/em><\/p>\n<table>\n<tbody>\n<tr>\n<td><strong>Alertamiento<\/strong><\/td>\n<td><strong>Pron\u00f3stico<\/strong><\/td>\n<td><strong>Inicio<\/strong><\/td>\n<td><strong>Fin<\/strong><\/td>\n<\/tr>\n<tr>\n<td>Aviso A13-1<\/td>\n<td>Probables tormentas el\u00e9ctricas preferentemente durante la tarde-noche, con precipitaciones aisladas en cordillera.<\/td>\n<td>11-01<\/td>\n<td>13-01<\/td>\n<\/tr>\n<\/tbody>\n<\/table>\n<p>En consideraci\u00f3n a este antecedente y en coordinaci\u00f3n con la Delegaci\u00f3n Presidencial Regional de Coquimbo, la Direcci\u00f3n Regional del SENAPRED\u00a0<strong>Actualiza la Alerta Temprana Preventiva por tormentas el\u00e9ctricas,<\/strong>\u00a0para las comunas de La Higuera, Vicu\u00f1a, Paihuano, R\u00edo Hurtado, Monte Patria, Combarbal\u00e1, Illapel y Salamanca, la cual se encuentra vigente desde el d\u00eda 10 de enero y hasta que las condiciones del evento as\u00ed lo ameriten.<\/p>\n<p>La actualizaci\u00f3n de esta alerta se constituye como un estado de reforzamiento de la vigilancia, mediante el monitoreo preciso y riguroso de las condiciones de riesgo y las respectivas vulnerabilidades asociadas a la amenaza, coordinando y activando al Sistema Nacional de Prevenci\u00f3n y Respuesta ante Desastres (SINAPRED) con el fin de actuar oportunamente frente a eventuales situaciones de emergencia.<\/p>\n<\/div>\n<\/div>\n<\/div>\n<\/div>\n","protected":false},"excerpt":{"rendered":"<p>\u00a0\u00a0\u00a0\u00a0 DavidNoticias.cl De acuerdo con la informaci\u00f3n proporcionada por la Direcci\u00f3n Meteorol\u00f3gica de Chile (DMC), se encuentra vigente el siguiente alertamiento meteorol\u00f3gico para la Regi\u00f3n de Coquimbo: Alertamiento Pron\u00f3stico Inicio Fin Aviso A13-1 Probables tormentas el\u00e9ctricas preferentemente durante la tarde-noche, con precipitaciones aisladas en cordillera. 11-01 13-01 En consideraci\u00f3n a este antecedente y en coordinaci\u00f3n &hellip;<\/p>\n","protected":false},"author":2,"featured_media":0,"comment_status":"closed","ping_status":"closed","sticky":false,"template":"","format":"standard","meta":{"footnotes":""},"categories":[2],"tags":[],"class_list":["post-2892","post","type-post","status-publish","format-standard","hentry","category-regionales"],"_links":{"self":[{"href":"https:\/\/www.elregional.cl\/index.php?rest_route=\/wp\/v2\/posts\/2892","targetHints":{"allow":["GET"]}}],"collection":[{"href":"https:\/\/www.elregional.cl\/index.php?rest_route=\/wp\/v2\/posts"}],"about":[{"href":"https:\/\/www.elregional.cl\/index.php?rest_route=\/wp\/v2\/types\/post"}],"author":[{"embeddable":true,"href":"https:\/\/www.elregional.cl\/index.php?rest_route=\/wp\/v2\/users\/2"}],"replies":[{"embeddable":true,"href":"https:\/\/www.elregional.cl\/index.php?rest_route=%2Fwp%2Fv2%2Fcomments&post=2892"}],"version-history":[{"count":3,"href":"https:\/\/www.elregional.cl\/index.php?rest_route=\/wp\/v2\/posts\/2892\/revisions"}],"predecessor-version":[{"id":2897,"href":"https:\/\/www.elregional.cl\/index.php?rest_route=\/wp\/v2\/posts\/2892\/revisions\/2897"}],"wp:attachment":[{"href":"https:\/\/www.elregional.cl\/index.php?rest_route=%2Fwp%2Fv2%2Fmedia&parent=2892"}],"wp:term":[{"taxonomy":"category","embeddable":true,"href":"https:\/\/www.elregional.cl\/index.php?rest_route=%2Fwp%2Fv2%2Fcategories&post=2892"},{"taxonomy":"post_tag","embeddable":true,"href":"https:\/\/www.elregional.cl\/index.php?rest_route=%2Fwp%2Fv2%2Ftags&post=2892"}],"curies":[{"name":"wp","href":"https:\/\/api.w.org\/{rel}","templated":true}]}}