{"id":2902,"date":"2025-01-13T10:39:14","date_gmt":"2025-01-13T10:39:14","guid":{"rendered":"https:\/\/www.elregional.cl\/?p=2902"},"modified":"2025-01-13T10:39:14","modified_gmt":"2025-01-13T10:39:14","slug":"comerciantes-ilegales-irrumpen-de-forma-violenta-en-sotaqu","status":"publish","type":"post","link":"https:\/\/www.elregional.cl\/?p=2902","title":{"rendered":"Comerciantes ilegales irrumpen de forma violenta en Sotaqu"},"content":{"rendered":"<div class=\"td_block_wrap tdb_title tdi_67 tdb-single-title td-pb-border-top td_block_template_1\" data-td-block-uid=\"tdi_67\">\n<div class=\"tdb-block-inner td-fix-index\">\n<h1 class=\"tdb-title-text\"><\/h1>\n<div><\/div>\n<\/div>\n<\/div>\n<div class=\"vc_row_inner tdi_70  vc_row vc_inner wpb_row td-pb-row\">\n<div class=\"vc_column_inner tdi_72  wpb_column vc_column_container tdc-inner-column td-pb-span6\">\n<div class=\"vc_column-inner\">\n<div class=\"wpb_wrapper\">\n<div class=\"td_block_wrap tdb_single_author tdi_73 td-pb-border-top td_block_template_1 tdb-post-meta\" data-td-block-uid=\"tdi_73\">\n<div class=\"tdb-block-inner td-fix-index\">\n<div class=\"tdb-author-name-wrap\"><\/div>\n<\/div>\n<\/div>\n<\/div>\n<\/div>\n<\/div>\n<div class=\"vc_column_inner tdi_78  wpb_column vc_column_container tdc-inner-column td-pb-span6\">\n<div class=\"vc_column-inner\">\n<div class=\"wpb_wrapper\">\n<div class=\"td_block_wrap tdb_single_post_share tdi_79  td-pb-border-top td_block_template_1\" data-td-block-uid=\"tdi_79\">\n<div id=\"tdi_79\" class=\"td-post-sharing tdb-block td-ps-bg td-ps-notext td-post-sharing-style1 \">\n<div class=\"td-post-sharing-visible\">\n<div class=\"td-social-sharing-button td-social-sharing-button-js td-social-handler td-social-share-text\">\n<div class=\"td-social-but-icon\">Ovallino.cl<\/div>\n<div class=\"td-social-but-icon\">La Fiesta del Ni\u00f1o Dios de Sotaqu\u00ed es la festividad religiosa m\u00e1s grande de la Provincia del Limar\u00ed, en donde miles de peregrinos se congregan para profesar su fe, as\u00ed como tambi\u00e9n es una oportunidad para que emprendedores ovallinos puedan ofrecer sus productos a los visitantes.<\/div>\n<\/div>\n<\/div>\n<\/div>\n<\/div>\n<\/div>\n<\/div>\n<\/div>\n<\/div>\n<div class=\"vc_row_inner tdi_82  vc_row vc_inner wpb_row td-pb-row\">\n<div class=\"vc_column_inner tdi_89  wpb_column vc_column_container tdc-inner-column td-pb-span8\">\n<div class=\"vc_column-inner\">\n<div class=\"wpb_wrapper\">\n<div class=\"td_block_wrap tdb_single_content tdi_90 td-pb-border-top td_block_template_1 td-post-content tagdiv-type\" data-td-block-uid=\"tdi_90\">\n<div class=\"tdb-block-inner td-fix-index\">\n<p>En cuanto a este \u00faltimo punto, el comercio debe contar con sus respectivos permisos y autorizaci\u00f3n por parte de las autoridades, pero a\u00f1o a a\u00f1o llegan vendedores ambulantes provenientes de Santiago y otras partes del pa\u00eds, que no solo empa\u00f1an el \u00e1rea comercial, sino tambi\u00e9n el resto de la festividad religiosa.<\/p>\n<p>Este 2025 se volvi\u00f3 a repetir esta situaci\u00f3n, con decenas de comerciantes ilegales que irrumpieron de forma violenta en Sotaqu\u00ed, durante la madrugada de este viernes 10 de enero, agrediendo a los guardias de seguridad que a esa hora ya estaban instalados en el lugar.<\/p>\n<p>\u201cUnos comerciantes ambulantes se tomaron a la mala el lugar, ellos no quieren pagar, quieren elegir las calles donde instalarse, hay que recordar que las calles que no se autoriza el comercio son las v\u00edas de evacuaci\u00f3n en caso de emergencia, el a\u00f1o pasado una ambulancia se demor\u00f3 m\u00e1s de 10 minutos desde la plaza hasta el centro de salud de Sotaqu\u00ed por esta situaci\u00f3n, por eso es que se dejan esas v\u00edas de emergencia, pero esta gente llega a la mala en la madrugada, llegan de forma agresiva, le tiraron piedras a los guardias\u201d, declar\u00f3 un vecino del sector, quien prefiri\u00f3 reservar su identidad por temor a represalias de los propios ambulantes.<\/p>\n<p>Esta situaci\u00f3n tambi\u00e9n fue comentada por la presidenta de la Junta de Vecinos de Sotaqu\u00ed, Raquel Araya, \u201cdespu\u00e9s de las doce de la noche los comerciantes trataron de ingresar al pueblo, porque estaban cerradas las calles que dan acceso al centro. Ah\u00ed comenzaron a tirar piedras y palos, agredieron a los guardias. Se tuvo que llamar a Carabineros y por ah\u00ed se pudo controlar un poco, pero igual dejaron los veh\u00edculos estacionados en las calles principales donde pasa la procesi\u00f3n. Son comerciantes santiaguinos\u201d, explic\u00f3.<\/p>\n<\/div>\n<\/div>\n<\/div>\n<\/div>\n<\/div>\n<\/div>\n","protected":false},"excerpt":{"rendered":"<p>Ovallino.cl La Fiesta del Ni\u00f1o Dios de Sotaqu\u00ed es la festividad religiosa m\u00e1s grande de la Provincia del Limar\u00ed, en donde miles de peregrinos se congregan para profesar su fe, as\u00ed como tambi\u00e9n es una oportunidad para que emprendedores ovallinos puedan ofrecer sus productos a los visitantes. En cuanto a este \u00faltimo punto, el comercio &hellip;<\/p>\n","protected":false},"author":2,"featured_media":0,"comment_status":"closed","ping_status":"closed","sticky":false,"template":"","format":"standard","meta":{"footnotes":""},"categories":[2],"tags":[],"class_list":["post-2902","post","type-post","status-publish","format-standard","hentry","category-regionales"],"_links":{"self":[{"href":"https:\/\/www.elregional.cl\/index.php?rest_route=\/wp\/v2\/posts\/2902","targetHints":{"allow":["GET"]}}],"collection":[{"href":"https:\/\/www.elregional.cl\/index.php?rest_route=\/wp\/v2\/posts"}],"about":[{"href":"https:\/\/www.elregional.cl\/index.php?rest_route=\/wp\/v2\/types\/post"}],"author":[{"embeddable":true,"href":"https:\/\/www.elregional.cl\/index.php?rest_route=\/wp\/v2\/users\/2"}],"replies":[{"embeddable":true,"href":"https:\/\/www.elregional.cl\/index.php?rest_route=%2Fwp%2Fv2%2Fcomments&post=2902"}],"version-history":[{"count":1,"href":"https:\/\/www.elregional.cl\/index.php?rest_route=\/wp\/v2\/posts\/2902\/revisions"}],"predecessor-version":[{"id":2904,"href":"https:\/\/www.elregional.cl\/index.php?rest_route=\/wp\/v2\/posts\/2902\/revisions\/2904"}],"wp:attachment":[{"href":"https:\/\/www.elregional.cl\/index.php?rest_route=%2Fwp%2Fv2%2Fmedia&parent=2902"}],"wp:term":[{"taxonomy":"category","embeddable":true,"href":"https:\/\/www.elregional.cl\/index.php?rest_route=%2Fwp%2Fv2%2Fcategories&post=2902"},{"taxonomy":"post_tag","embeddable":true,"href":"https:\/\/www.elregional.cl\/index.php?rest_route=%2Fwp%2Fv2%2Ftags&post=2902"}],"curies":[{"name":"wp","href":"https:\/\/api.w.org\/{rel}","templated":true}]}}