{"id":2960,"date":"2025-01-20T20:04:26","date_gmt":"2025-01-20T20:04:26","guid":{"rendered":"https:\/\/www.elregional.cl\/?p=2960"},"modified":"2025-01-20T20:04:26","modified_gmt":"2025-01-20T20:04:26","slug":"detienen-a-dos-imputados-por-homicidio-con-arma-cortante-en-coquimbo","status":"publish","type":"post","link":"https:\/\/www.elregional.cl\/?p=2960","title":{"rendered":"Detienen a dos imputados por homicidio con arma cortante en Coquimbo"},"content":{"rendered":"<div id=\"tdi_3\" class=\"tdc-row\">\n<div class=\"vc_row tdi_4  wpb_row td-pb-row\">\n<div class=\"vc_column tdi_6  wpb_column vc_column_container tdc-column td-pb-span12\">\n<div class=\"wpb_wrapper\">\n<div class=\"td_block_wrap tdb_breadcrumbs tdi_7 td-pb-border-top td_block_template_1 tdb-breadcrumbs \" data-td-block-uid=\"tdi_7\">\n<div class=\"tdb-block-inner td-fix-index\"><\/div>\n<\/div>\n<\/div>\n<\/div>\n<\/div>\n<\/div>\n<div id=\"tdi_8\" class=\"tdc-row\">\n<div class=\"vc_row tdi_9 td-ss-row wpb_row td-pb-row\">\n<div class=\"vc_column tdi_11  wpb_column vc_column_container tdc-column td-pb-span8\">\n<div class=\"wpb_wrapper\">\n<div class=\"td_block_wrap tdb_single_post_views tdi_17 td-pb-border-top td_block_template_1 tdb-post-meta\" data-td-block-uid=\"tdi_17\">\n<div class=\"tdb-block-inner td-fix-index\"><\/div>\n<\/div>\n<div class=\"td_block_wrap tdb_single_post_share tdi_18  td-pb-border-top td_block_template_1\" data-td-block-uid=\"tdi_18\">\n<div id=\"tdi_18\" class=\"td-post-sharing tdb-block td-ps-bg td-ps-padding td-post-sharing-style2 \">\n<div class=\"td-social-sharing-hidden\">\n<div class=\"td-social-but-icon\"><\/div>\n<\/div>\n<\/div>\n<\/div>\n<div class=\"td_block_wrap tdb_single_featured_image tdi_19 tdb-content-horiz-left td-pb-border-top td_block_template_1\" data-td-block-uid=\"tdi_19\"><em>En un operativo exitoso, la Brigada de Homicidios de La Serena logr\u00f3 la detenci\u00f3n de dos individuos de nacionalidad chilena, quienes son se\u00f1alados como los autores del homicidio con arma cortante de una persona no identificada (N.N.). El hecho ocurri\u00f3 el pasado domingo 19 de enero en el pasaje Montegrande esquina 12 de Febrero, en el sector de Baquedano, comuna de Coquimbo.<\/em><\/div>\n<div class=\"td_block_wrap tdb_single_content tdi_21 td-pb-border-top td_block_template_1 td-post-content tagdiv-type\" data-td-block-uid=\"tdi_21\">\n<div class=\"tdb-block-inner td-fix-index\"><span id=\"more-187311\"><\/span>Los detenidos, ambos de sexo masculino y de 39 y 41 a\u00f1os de edad respectivamente, fueron capturados luego de diversas diligencias investigativas y el levantamiento de evidencia en el sitio del suceso. Seg\u00fan los antecedentes, ambos imputados tienen un historial delictivo: el primero por tr\u00e1fico de drogas en peque\u00f1as cantidades y el segundo por el mismo delito adem\u00e1s de robo en lugar habitado.<\/p>\n<p>La detenci\u00f3n se llev\u00f3 a cabo gracias al arduo trabajo de los\u00a0<a title=\"\" href=\"https:\/\/www.pdichile.cl\/\" target=\"_blank\" rel=\"noopener nofollow\">detectives<\/a>, quienes recopilaron pruebas y siguieron pistas que los llevaron a identificar y capturar a los responsables del crimen. Los imputados ser\u00e1n puestos a disposici\u00f3n del tribunal hoy mismo para pasar al respectivo control de detenci\u00f3n.<\/p>\n<\/div>\n<\/div>\n<\/div>\n<\/div>\n<\/div>\n<\/div>\n","protected":false},"excerpt":{"rendered":"<p>En un operativo exitoso, la Brigada de Homicidios de La Serena logr\u00f3 la detenci\u00f3n de dos individuos de nacionalidad chilena, quienes son se\u00f1alados como los autores del homicidio con arma cortante de una persona no identificada (N.N.). El hecho ocurri\u00f3 el pasado domingo 19 de enero en el pasaje Montegrande esquina 12 de Febrero, en &hellip;<\/p>\n","protected":false},"author":2,"featured_media":0,"comment_status":"closed","ping_status":"closed","sticky":false,"template":"","format":"standard","meta":{"footnotes":""},"categories":[2],"tags":[],"class_list":["post-2960","post","type-post","status-publish","format-standard","hentry","category-regionales"],"_links":{"self":[{"href":"https:\/\/www.elregional.cl\/index.php?rest_route=\/wp\/v2\/posts\/2960","targetHints":{"allow":["GET"]}}],"collection":[{"href":"https:\/\/www.elregional.cl\/index.php?rest_route=\/wp\/v2\/posts"}],"about":[{"href":"https:\/\/www.elregional.cl\/index.php?rest_route=\/wp\/v2\/types\/post"}],"author":[{"embeddable":true,"href":"https:\/\/www.elregional.cl\/index.php?rest_route=\/wp\/v2\/users\/2"}],"replies":[{"embeddable":true,"href":"https:\/\/www.elregional.cl\/index.php?rest_route=%2Fwp%2Fv2%2Fcomments&post=2960"}],"version-history":[{"count":1,"href":"https:\/\/www.elregional.cl\/index.php?rest_route=\/wp\/v2\/posts\/2960\/revisions"}],"predecessor-version":[{"id":2961,"href":"https:\/\/www.elregional.cl\/index.php?rest_route=\/wp\/v2\/posts\/2960\/revisions\/2961"}],"wp:attachment":[{"href":"https:\/\/www.elregional.cl\/index.php?rest_route=%2Fwp%2Fv2%2Fmedia&parent=2960"}],"wp:term":[{"taxonomy":"category","embeddable":true,"href":"https:\/\/www.elregional.cl\/index.php?rest_route=%2Fwp%2Fv2%2Fcategories&post=2960"},{"taxonomy":"post_tag","embeddable":true,"href":"https:\/\/www.elregional.cl\/index.php?rest_route=%2Fwp%2Fv2%2Ftags&post=2960"}],"curies":[{"name":"wp","href":"https:\/\/api.w.org\/{rel}","templated":true}]}}