{"id":3193,"date":"2025-02-03T21:28:28","date_gmt":"2025-02-03T21:28:28","guid":{"rendered":"https:\/\/www.elregional.cl\/?p=3193"},"modified":"2025-02-03T21:28:28","modified_gmt":"2025-02-03T21:28:28","slug":"conoce-quienes-fueron-los-principales-galardonados-en-los-premios-grammy-2025","status":"publish","type":"post","link":"https:\/\/www.elregional.cl\/?p=3193","title":{"rendered":"Conoce qui\u00e9nes fueron los principales galardonados en los Premios Grammy 2025"},"content":{"rendered":"<div id=\"div_comp\">\n<header id=\"header-fixed-top\" class=\"header mm-fixed-top\">\n<div id=\"div_emol\">\n<div id=\"menu_iphone_left\"><\/div>\n<\/div>\n<\/header>\n<\/div>\n<div class=\"div_comp5\">\n<div class=\"cont_panoramas_mob\">\n<div id=\"div_detalle_iphone\">\n<div class=\"cont_detalle_emol_movil \">\n<div class=\"div_fecha_top\">\n<h3 id=\"ucDetalle_FechaModificacionNoticia\"><\/h3>\n<\/div>\n<div class=\"div_h2\">\n<h5 id=\"ucDetalle_BajadaNoticia\">Emol.cl<\/h5>\n<h5>Este domingo se realiz\u00f3 la gala m\u00e1s importante de la m\u00fasica estadounidense, donde artistas como Beyonc\u00e9 y Kendrick Lamar recibieron algunos de los principales reconocimientos.<\/h5>\n<\/div>\n<div class=\"contenedor-columnas\" data-vista=\"relato\">\n<div class=\"box-central\">\n<div class=\"mrcdr_cont_relato\"><\/div>\n<\/div>\n<\/div>\n<div class=\"contenedor_social_emol\"><\/div>\n<div id=\"ucDetalle_CuerpoNoticia\" class=\"cuerpo_noticia cuerpo_noti_height_full\">\n<div id=\"nota_tabla_emol\"><img decoding=\"async\" src=\"https:\/\/static.emol.cl\/emol50\/Fotos\/2025\/02\/03\/file_20250203095850.jpg\" \/><\/p>\n<div class=\"header_nota_tabla\">Ganadores de las principales categor\u00edas<\/div>\n<table class=\"tablaennoticia\" width=\"100%\" cellspacing=\"0\">\n<thead>\n<tr>\n<th>Categor\u00edas<\/th>\n<th>Ganadores<\/th>\n<\/tr>\n<\/thead>\n<tbody>\n<tr>\n<td>\u00c1lbum del a\u00f1o<\/td>\n<td>\u00abCowboy Carter\u00bb &#8211; Beyonc\u00e9<\/td>\n<\/tr>\n<tr>\n<td>Grabaci\u00f3n del a\u00f1o, que reconoce la interpretaci\u00f3n general de una canci\u00f3n<\/td>\n<td>\u00abNot Like Us\u00bb &#8211; Kendrick Lamar<\/td>\n<\/tr>\n<tr>\n<td>Canci\u00f3n del a\u00f1o, reconocimiento a una composici\u00f3n<\/td>\n<td>\u00abNot Like Us\u00bb &#8211; Kendrick Lamar, compositor (Kendrick Lamar)<\/td>\n<\/tr>\n<tr>\n<td>Mejor artista revelaci\u00f3n<\/td>\n<td>Chappell Roan<\/td>\n<\/tr>\n<tr>\n<td>Mejor interpretaci\u00f3n pop solista<\/td>\n<td>\u00abEspresso\u00bb &#8211; Sabrina Carpenter<\/td>\n<\/tr>\n<tr>\n<td>Mejor \u00e1lbum vocal pop<\/td>\n<td>\u00abShort n&#8217; Sweet\u00bb &#8211; Sabrina Carpenter<\/td>\n<\/tr>\n<tr>\n<td>Mejor video musical<\/td>\n<td>\u00abNot Like Us\u00bb &#8211; Kendrick Lamar<\/td>\n<\/tr>\n<tr>\n<td>Mejor \u00e1lbum de rap<\/td>\n<td>\u00abAlligator Bites Never Heal\u00bb &#8211; Doechii<\/td>\n<\/tr>\n<tr>\n<td>Mejor \u00e1lbum de rock<\/td>\n<td>\u00abHackney Diamonds\u00bb &#8211; The Rolling Stones<\/td>\n<\/tr>\n<tr>\n<td>Mejor \u00e1lbum country<\/td>\n<td>\u00abCowboy Carter\u00bb &#8211; Beyonc\u00e9<\/td>\n<\/tr>\n<tr>\n<td>Mejor interpretaci\u00f3n country solista<\/td>\n<td>\u00abIt Takes a Woman\u00bb &#8211; Chris Stapleton<\/td>\n<\/tr>\n<tr>\n<td>Mejor \u00e1lbum de m\u00fasica global<\/td>\n<td>\u00abAlkebulan II\u00bb &#8211; Matt B presentando a la Royal Philharmonic Orchestra<\/td>\n<\/tr>\n<tr>\n<td>Mej\u00f3r interpretaci\u00f3n de m\u00fasica global<\/td>\n<td>\u00abBemba Color\u00e1\u00bb &#8211; Sheila E. presentando a Gloria Estefan y Mimy Succar<\/td>\n<\/tr>\n<tr>\n<td>Mejor actuaci\u00f3n de d\u00fao\/grupo pop<\/td>\n<td>\u00abDie with a Smile &#8211; Bruno Mars y Lady Gaga<\/td>\n<\/tr>\n<tr>\n<td>Mejor canci\u00f3n de rap<\/td>\n<td>\u00abNot Like Us\u00bb &#8211; Kendrick Lamar<\/td>\n<\/tr>\n<tr>\n<td>Mejor actuaci\u00f3n de rap<\/td>\n<td>\u00abNot Like Us\u00bb &#8211; Kendrick Lamar<\/td>\n<\/tr>\n<tr>\n<td>Mejor \u00e1lbum bailable\/electr\u00f3nico<\/td>\n<td>\u00abBrat\u00bb &#8211; Charli XCX<\/td>\n<\/tr>\n<tr>\n<td>Mejor actuaci\u00f3n de rock<\/td>\n<td>\u00abNow and Then\u00bb &#8211; The Beatles<\/td>\n<\/tr>\n<tr>\n<td>Mejor actuaci\u00f3n de d\u00fao\/grupo country<\/td>\n<td>\u00abII Most Wanted\u00bb &#8211; Beyonce ft. Miley Cyrus<\/td>\n<\/tr>\n<tr>\n<td>Mejor \u00e1lbum de pop latino<\/td>\n<td>\u00abLas Mujeres Ya No Lloran\u00bb &#8211; Shakira<\/td>\n<\/tr>\n<tr>\n<td>Mejor \u00e1lbum de m\u00fasica urbana<\/td>\n<td>\u00abLas letras ya no importan\u00bb &#8211; Residente<\/td>\n<\/tr>\n<tr>\n<td>Mejor \u00e1lbum de rock latino o alternativo<\/td>\n<td>\u00ab\u00bfQui\u00e9n trae las cornetas?\u00bb &#8211; Rawayana<\/td>\n<\/tr>\n<tr>\n<td>Mejor \u00e1lbum de m\u00fasica mexicana<\/td>\n<td>\u00abBoca Chueca, Vol. 1\u00bb &#8211; Car\u00edn Le\u00f3n<\/td>\n<\/tr>\n<tr>\n<td>Mejor \u00e1lbum tropical latino<\/td>\n<td>\u00abAlma, coraz\u00f3n y salsa (Live at Gran Teatro Nacional)\u00bb &#8211; Tony Succar, Mimy Succar<\/td>\n<\/tr>\n<\/tbody>\n<\/table>\n<\/div>\n<\/div>\n<\/div>\n<\/div>\n<\/div>\n<\/div>\n","protected":false},"excerpt":{"rendered":"<p>Emol.cl Este domingo se realiz\u00f3 la gala m\u00e1s importante de la m\u00fasica estadounidense, donde artistas como Beyonc\u00e9 y Kendrick Lamar recibieron algunos de los principales reconocimientos. Ganadores de las principales categor\u00edas Categor\u00edas Ganadores \u00c1lbum del a\u00f1o \u00abCowboy Carter\u00bb &#8211; Beyonc\u00e9 Grabaci\u00f3n del a\u00f1o, que reconoce la interpretaci\u00f3n general de una canci\u00f3n \u00abNot Like Us\u00bb &#8211; &hellip;<\/p>\n","protected":false},"author":2,"featured_media":0,"comment_status":"closed","ping_status":"closed","sticky":false,"template":"","format":"standard","meta":{"footnotes":""},"categories":[4],"tags":[],"class_list":["post-3193","post","type-post","status-publish","format-standard","hentry","category-mundo"],"_links":{"self":[{"href":"https:\/\/www.elregional.cl\/index.php?rest_route=\/wp\/v2\/posts\/3193","targetHints":{"allow":["GET"]}}],"collection":[{"href":"https:\/\/www.elregional.cl\/index.php?rest_route=\/wp\/v2\/posts"}],"about":[{"href":"https:\/\/www.elregional.cl\/index.php?rest_route=\/wp\/v2\/types\/post"}],"author":[{"embeddable":true,"href":"https:\/\/www.elregional.cl\/index.php?rest_route=\/wp\/v2\/users\/2"}],"replies":[{"embeddable":true,"href":"https:\/\/www.elregional.cl\/index.php?rest_route=%2Fwp%2Fv2%2Fcomments&post=3193"}],"version-history":[{"count":1,"href":"https:\/\/www.elregional.cl\/index.php?rest_route=\/wp\/v2\/posts\/3193\/revisions"}],"predecessor-version":[{"id":3195,"href":"https:\/\/www.elregional.cl\/index.php?rest_route=\/wp\/v2\/posts\/3193\/revisions\/3195"}],"wp:attachment":[{"href":"https:\/\/www.elregional.cl\/index.php?rest_route=%2Fwp%2Fv2%2Fmedia&parent=3193"}],"wp:term":[{"taxonomy":"category","embeddable":true,"href":"https:\/\/www.elregional.cl\/index.php?rest_route=%2Fwp%2Fv2%2Fcategories&post=3193"},{"taxonomy":"post_tag","embeddable":true,"href":"https:\/\/www.elregional.cl\/index.php?rest_route=%2Fwp%2Fv2%2Ftags&post=3193"}],"curies":[{"name":"wp","href":"https:\/\/api.w.org\/{rel}","templated":true}]}}