{"id":3211,"date":"2025-02-07T01:06:36","date_gmt":"2025-02-07T01:06:36","guid":{"rendered":"https:\/\/www.elregional.cl\/?p=3211"},"modified":"2025-02-07T01:08:59","modified_gmt":"2025-02-07T01:08:59","slug":"terminal-puerto-coquimbo-avanza-en-su-consolidacion-como-solucion-logistica-multiproposito-para-la-region","status":"publish","type":"post","link":"https:\/\/www.elregional.cl\/?p=3211","title":{"rendered":"Terminal Puerto Coquimbo avanza en su consolidaci\u00f3n como soluci\u00f3n log\u00edstica multiprop\u00f3sito para la regi\u00f3n"},"content":{"rendered":"<p>&nbsp;<\/p>\n<p>&nbsp;<\/p>\n<p>Andr\u00e9s Sandoval Z.<\/p>\n<p>Desaf\u00edo operativo refuerza el crecimiento del puerto y el acompa\u00f1amiento estrat\u00e9gico de las l\u00edneas navieras en esta transici\u00f3n.<\/p>\n<p>Terminal Puerto Coquimbo (TPC) ha alcanzado un nuevo hito en sus operaciones con la realizaci\u00f3n de tres recaladas consecutivas en poco m\u00e1s de 48 horas, logrando m\u00e1s de 600 movimientos de contenedores. Este desaf\u00edo operativo refuerza la posici\u00f3n del terminal como un actor clave en la log\u00edstica portuaria regional y un socio estrat\u00e9gico confiable para los exportadores e importadores locales, as\u00ed como las principales l\u00edneas navieras del mundo.<\/p>\n<p><img loading=\"lazy\" decoding=\"async\" class=\"alignnone size-medium wp-image-3213\" src=\"https:\/\/www.elregional.cl\/wp-content\/uploads\/2025\/02\/IMG-20250206-WA0025-300x168.jpg\" alt=\"\" width=\"300\" height=\"168\" \/><\/p>\n<p>Desde el domingo 26 hasta el mi\u00e9rcoles 29 de enero, el equipo de TPC afront\u00f3 una de las operaciones de contenedores m\u00e1s exigentes de su historia. \u00abSin duda, ha sido una de las operaciones m\u00e1s desafiantes hasta la fecha, pero hemos demostrado nuestra capacidad de respuesta, adaptabilidad y compromiso con el servicio\u00bb, destac\u00f3 Laura Chiuminatto, gerente general de TPC. \u00abEn el camino enfrentamos ajustes y correcciones, la cadena log\u00edstica fuera del terminal tambi\u00e9n tiene mucho por desarrollar, pero lo m\u00e1s importante es que prim\u00f3 la resiliencia de nuestro equipo y la determinaci\u00f3n de cumplir con nuestros compromisos apuntando a ser un socio en quien confiar para los clientes\u00bb reafirm\u00f3.<\/p>\n<p>El cumplimiento del programa operativo y la respuesta de clientes clave como Maersk y MSC reflejan el acompa\u00f1amiento estrat\u00e9gico de las l\u00edneas navieras en esta etapa de crecimiento. \u00abHace pocos a\u00f1os no recib\u00edamos buques portacontenedores de manera regular, y hoy hemos logrado mover 600 contenedores en un solo fin de semana. Es un desaf\u00edo constante, con espacios de mejora, pero tambi\u00e9n con un prop\u00f3sito compartido de desarrollo log\u00edstico en la zona\u00bb, agreg\u00f3 Chiuminatto. Este hito se suma a los avances que TPC ha impulsado en el \u00faltimo tiempo, a trav\u00e9s de una estrategia centrada en la excelencia operacional y la relaci\u00f3n con sus grupos de inter\u00e9s. La apertura del Sitio 3 del puerto de Coquimbo, como parte de su plan de modernizaci\u00f3n, ha permitido aumentar la eficiencia, mejorar la coordinaci\u00f3n y dotar al puerto con un espacio capaz de recibir nav\u00edos de gran calado y envergadura.<\/p>\n<p>Con una temporada desafiante por delante, TPC continuar\u00e1 fortaleciendo la cercan\u00eda con sus colaboradores, comunidades y clientes, optimizando la planificaci\u00f3n anticipada y la coordinaci\u00f3n operativa. Adem\u00e1s de la transferencia de contenedores, el puerto juega un rol clave en otras operaciones log\u00edsticas relevantes para la regi\u00f3n, como la recepci\u00f3n de cruceros, el movimiento de concentrado de cobre y el manejo de carga refrigerada. Este enfoque multiprop\u00f3sito refuerza el compromiso de TPC con el desarrollo portuario sostenible y con el posicionamiento del terminal como un socio estrat\u00e9gico para la econom\u00eda local.<\/p>\n<p><img loading=\"lazy\" decoding=\"async\" class=\"alignnone size-medium wp-image-3215\" src=\"https:\/\/www.elregional.cl\/wp-content\/uploads\/2025\/02\/IMG-20250206-WA0024-300x168.jpg\" alt=\"\" width=\"300\" height=\"168\" \/><\/p>\n<p>&nbsp;<\/p>\n<p>&nbsp;<\/p>\n<p>&nbsp;<\/p>\n","protected":false},"excerpt":{"rendered":"<p>&nbsp; &nbsp; Andr\u00e9s Sandoval Z. Desaf\u00edo operativo refuerza el crecimiento del puerto y el acompa\u00f1amiento estrat\u00e9gico de las l\u00edneas navieras en esta transici\u00f3n. Terminal Puerto Coquimbo (TPC) ha alcanzado un nuevo hito en sus operaciones con la realizaci\u00f3n de tres recaladas consecutivas en poco m\u00e1s de 48 horas, logrando m\u00e1s de 600 movimientos de contenedores. &hellip;<\/p>\n","protected":false},"author":2,"featured_media":0,"comment_status":"closed","ping_status":"closed","sticky":false,"template":"","format":"standard","meta":{"footnotes":""},"categories":[2],"tags":[],"class_list":["post-3211","post","type-post","status-publish","format-standard","hentry","category-regionales"],"_links":{"self":[{"href":"https:\/\/www.elregional.cl\/index.php?rest_route=\/wp\/v2\/posts\/3211","targetHints":{"allow":["GET"]}}],"collection":[{"href":"https:\/\/www.elregional.cl\/index.php?rest_route=\/wp\/v2\/posts"}],"about":[{"href":"https:\/\/www.elregional.cl\/index.php?rest_route=\/wp\/v2\/types\/post"}],"author":[{"embeddable":true,"href":"https:\/\/www.elregional.cl\/index.php?rest_route=\/wp\/v2\/users\/2"}],"replies":[{"embeddable":true,"href":"https:\/\/www.elregional.cl\/index.php?rest_route=%2Fwp%2Fv2%2Fcomments&post=3211"}],"version-history":[{"count":3,"href":"https:\/\/www.elregional.cl\/index.php?rest_route=\/wp\/v2\/posts\/3211\/revisions"}],"predecessor-version":[{"id":3216,"href":"https:\/\/www.elregional.cl\/index.php?rest_route=\/wp\/v2\/posts\/3211\/revisions\/3216"}],"wp:attachment":[{"href":"https:\/\/www.elregional.cl\/index.php?rest_route=%2Fwp%2Fv2%2Fmedia&parent=3211"}],"wp:term":[{"taxonomy":"category","embeddable":true,"href":"https:\/\/www.elregional.cl\/index.php?rest_route=%2Fwp%2Fv2%2Fcategories&post=3211"},{"taxonomy":"post_tag","embeddable":true,"href":"https:\/\/www.elregional.cl\/index.php?rest_route=%2Fwp%2Fv2%2Ftags&post=3211"}],"curies":[{"name":"wp","href":"https:\/\/api.w.org\/{rel}","templated":true}]}}