{"id":3228,"date":"2025-02-09T20:47:04","date_gmt":"2025-02-09T20:47:04","guid":{"rendered":"https:\/\/www.elregional.cl\/?p=3228"},"modified":"2025-02-09T20:47:04","modified_gmt":"2025-02-09T20:47:04","slug":"detienen-a-10-extranjeros-en-por-falsificacion-de-documentos-publicos-en-la-region-de-coquimbo","status":"publish","type":"post","link":"https:\/\/www.elregional.cl\/?p=3228","title":{"rendered":"Detienen a 10 extranjeros en por falsificaci\u00f3n de documentos p\u00fablicos en la Regi\u00f3n de Coquimbo"},"content":{"rendered":"<header id=\"#top\" class=\"site-header penci-amp-wp-header\">\n<div><\/div>\n<\/header>\n<div class=\"wrap\">\n<article class=\"amp-wp-article\">\n<header class=\"amp-wp-article-header\">\n<div class=\"penci-amp-entry-meta\"><span class=\"entry-meta-item penci-amp-byline\"><i class=\"fa fa-user\"><\/i>\u00a0<\/span><i class=\"fa fa-clock-o\"><\/i><\/div>\n<\/header>\n<figure class=\"amp-wp-article-featured-image wp-caption\"><em style=\"color: #2b2b2b;\">Los detenidos, de nacionalidad argentina y boliviana, quedaron a disposici\u00f3n de la justicia, mientras los documentos fueron incautados para su an\u00e1lisis pericial.<\/em><\/figure>\n<div class=\"amp-wp-article-content\">\n<p>Detectives de la Brigada de Investigaci\u00f3n Criminal Ovalle y de la Secci\u00f3n Migraciones y Polic\u00eda Internacional de dicha comuna, desarrollaron una\u00a0<strong>fiscalizaci\u00f3n a trabajadores extranjeros en un fundo de la comuna de Combarbal\u00e1.<\/strong><\/p>\n<p>El procedimiento migratorio se realiz\u00f3 en coordinaci\u00f3n con el Ministerio P\u00fablico,<strong>\u00a0detectando a 10 trabajadores de un predio privado, laborando con documentos p\u00fablicos falsificados,<\/strong>\u00a0espec\u00edficamente permisos de trabajo fraudulentos del Servicio Nacional de Migraciones.<\/p>\n<p><em>\u00abPersonal de esta unidad territorial realiza una labor de an\u00e1lisis criminal e inteligencia policial, planificando la fiscalizaci\u00f3n y proceden con la detenci\u00f3n de 10 trabajadores, hombres y mujeres, entre los 21 y 49 a\u00f1os, por el delito de falsificaci\u00f3n y uso malicioso de documento p\u00fablico. Uno de los imputados de nacionalidad argentina y 9 de nacionalidad boliviana\u00bb,<\/em>\u00a0inform\u00f3 el subprefecto Daniel Leal, jefe de la Brigada de Investigaci\u00f3n Criminal Ovalle.<\/p>\n<p>De acuerdo a la informaci\u00f3n preliminar de la investigaci\u00f3n, los detenidos ingresaron a Chile en forma regular y no tienen antecedentes.<\/p>\n<p>Los imputados quedaron a disposici\u00f3n del Ministerio P\u00fablico para presentar los cargos ante el Juzgado de Garant\u00eda de Combarbal\u00e1, durante esta jornada y los documentos fueron incautados para el an\u00e1lisis de los peritos del Laboratorio de Criminal\u00edstica Regional La Serena.<\/p>\n<\/div>\n<\/article>\n<\/div>\n","protected":false},"excerpt":{"rendered":"<p>\u00a0 Los detenidos, de nacionalidad argentina y boliviana, quedaron a disposici\u00f3n de la justicia, mientras los documentos fueron incautados para su an\u00e1lisis pericial. Detectives de la Brigada de Investigaci\u00f3n Criminal Ovalle y de la Secci\u00f3n Migraciones y Polic\u00eda Internacional de dicha comuna, desarrollaron una\u00a0fiscalizaci\u00f3n a trabajadores extranjeros en un fundo de la comuna de Combarbal\u00e1. &hellip;<\/p>\n","protected":false},"author":2,"featured_media":0,"comment_status":"closed","ping_status":"closed","sticky":false,"template":"","format":"standard","meta":{"footnotes":""},"categories":[2],"tags":[],"class_list":["post-3228","post","type-post","status-publish","format-standard","hentry","category-regionales"],"_links":{"self":[{"href":"https:\/\/www.elregional.cl\/index.php?rest_route=\/wp\/v2\/posts\/3228","targetHints":{"allow":["GET"]}}],"collection":[{"href":"https:\/\/www.elregional.cl\/index.php?rest_route=\/wp\/v2\/posts"}],"about":[{"href":"https:\/\/www.elregional.cl\/index.php?rest_route=\/wp\/v2\/types\/post"}],"author":[{"embeddable":true,"href":"https:\/\/www.elregional.cl\/index.php?rest_route=\/wp\/v2\/users\/2"}],"replies":[{"embeddable":true,"href":"https:\/\/www.elregional.cl\/index.php?rest_route=%2Fwp%2Fv2%2Fcomments&post=3228"}],"version-history":[{"count":1,"href":"https:\/\/www.elregional.cl\/index.php?rest_route=\/wp\/v2\/posts\/3228\/revisions"}],"predecessor-version":[{"id":3230,"href":"https:\/\/www.elregional.cl\/index.php?rest_route=\/wp\/v2\/posts\/3228\/revisions\/3230"}],"wp:attachment":[{"href":"https:\/\/www.elregional.cl\/index.php?rest_route=%2Fwp%2Fv2%2Fmedia&parent=3228"}],"wp:term":[{"taxonomy":"category","embeddable":true,"href":"https:\/\/www.elregional.cl\/index.php?rest_route=%2Fwp%2Fv2%2Fcategories&post=3228"},{"taxonomy":"post_tag","embeddable":true,"href":"https:\/\/www.elregional.cl\/index.php?rest_route=%2Fwp%2Fv2%2Ftags&post=3228"}],"curies":[{"name":"wp","href":"https:\/\/api.w.org\/{rel}","templated":true}]}}