{"id":3252,"date":"2025-02-10T13:49:50","date_gmt":"2025-02-10T13:49:50","guid":{"rendered":"https:\/\/www.elregional.cl\/?p=3252"},"modified":"2025-02-10T13:49:50","modified_gmt":"2025-02-10T13:49:50","slug":"simulacro-en-el-valle-de-elqui-preparandose-para-altas-temperaturas-y-golpes-de-calor","status":"publish","type":"post","link":"https:\/\/www.elregional.cl\/?p=3252","title":{"rendered":"Simulacro en el Valle de Elqui: Prepar\u00e1ndose para altas temperaturas y golpes de calor"},"content":{"rendered":"<div id=\"td-mobile-nav\">\n<div class=\"td-mobile-container\">\n<div class=\"td-mobile-content\">\n<div class=\"menu-section-menu-container\">\n<p>&nbsp;<\/p>\n<\/div>\n<\/div>\n<\/div>\n<\/div>\n<div id=\"td-outer-wrap\" class=\"td-theme-wrap\">\n<div id=\"tdb-autoload-article\" data-autoload=\"on\" data-autoload-org-post-id=\"188340\" data-autoload-tpl-id=\"112489\" data-autoload-type=\"\" data-autoload-count=\"5\" data-autoload-scroll-percent=\"20\">\n<div class=\"td-main-content-wrap td-container-wrap\">\n<div class=\"tdc-content-wrap tdb-autoload-wrap\">\n<article id=\"template-id-112489\" class=\"post-112489 tdb_templates type-tdb_templates status-publish post\" data-post-url=\"https:\/\/laserenaonline.cl\/2025\/02\/09\/simulacro-en-el-valle-de-elqui-preparandose-para-altas-temperaturas-y-golpes-de-calor\/\" data-post-edit-url=\"\" data-post-title=\"Simulacro en el Valle de Elqui: Prepar\u00e1ndose para altas temperaturas y golpes de calor\">\n<div id=\"tdi_1\" class=\"tdc-zone\">\n<div class=\"tdc_zone tdi_2  wpb_row td-pb-row\">\n<div id=\"tdi_8\" class=\"tdc-row\">\n<div class=\"vc_row tdi_9 td-ss-row wpb_row td-pb-row\">\n<div class=\"vc_column tdi_11  wpb_column vc_column_container tdc-column td-pb-span8\">\n<div class=\"wpb_wrapper\">\n<div class=\"td_block_wrap tdb_single_post_views tdi_17 td-pb-border-top td_block_template_1 tdb-post-meta\" data-td-block-uid=\"tdi_17\">\n<div class=\"tdb-block-inner td-fix-index\"><\/div>\n<\/div>\n<div class=\"td_block_wrap tdb_single_post_share tdi_18  td-pb-border-top td_block_template_1\" data-td-block-uid=\"tdi_18\">\n<div id=\"tdi_18\" class=\"td-post-sharing tdb-block td-ps-bg td-ps-padding td-post-sharing-style2 \">\n<div class=\"td-social-sharing-hidden\">\n<div class=\"td-social-but-icon\"><\/div>\n<\/div>\n<\/div>\n<\/div>\n<div class=\"td_block_wrap tdb_single_featured_image tdi_19 tdb-content-horiz-left td-pb-border-top td_block_template_1\" data-td-block-uid=\"tdi_19\"><\/div>\n<div class=\"td_block_wrap tdb_single_content tdi_21 td-pb-border-top td_block_template_1 td-post-content tagdiv-type\" data-td-block-uid=\"tdi_21\">\n<div class=\"tdb-block-inner td-fix-index\">\n<p>Serenaonline.cl<\/p>\n<p>Ante la alerta de altas temperaturas emitida por la Direcci\u00f3n Meteorol\u00f3gica de Chile para la Regi\u00f3n de Coquimbo entre el 5 y el 7 de febrero, el Servicio de Salud Coquimbo, junto al SAMU regional, el Hospital de Vicu\u00f1a y la Seremi de Salud, realizaron un simulacro de atenci\u00f3n a pacientes afectados por golpes de calor en la Plaza de Armas de Vicu\u00f1a.<\/p>\n<h2 class=\"wp-block-heading\">Simulacro de Emergencia<\/h2>\n<p>El simulacro tuvo como objetivo preparar a los establecimientos de salud y a la comunidad para enfrentar las altas temperaturas que se esperan en la regi\u00f3n, las cuales pueden alcanzar los 34 grados en los valles precordilleranos.<\/p>\n<p>Cristian P\u00e9rez, Coordinador de Emergencias y Desastres del Servicio de Salud Coquimbo, explic\u00f3: \u201cEl prop\u00f3sito de este simulacro es mantener y reforzar la preparaci\u00f3n de nuestros establecimientos de salud ante situaciones de contingencia, como las altas temperaturas que estamos experimentando. Tambi\u00e9n buscamos informar a la comunidad sobre los s\u00edntomas y medidas preventivas ante un golpe de calor\u201d.<\/p>\n<p>Javier Orme\u00f1o, Coordinador de Emergencias y Desastres de la Seremi de Salud Coquimbo, a\u00f1adi\u00f3: \u201cEsta experiencia nos permite mantener la vigilancia permanente de los factores de riesgo para la poblaci\u00f3n, especialmente en temas de amenazas clim\u00e1ticas. La comunicaci\u00f3n del riesgo es vital, y los simulacros son una parte esencial de este esquema\u201d.<\/p>\n<h2 class=\"wp-block-heading\">Desarrollo del Simulacro<\/h2>\n<p>El simulacro se activ\u00f3 mediante una llamada al n\u00famero 131 del SAMU, involucrando la asistencia de una ambulancia del Hospital de Vicu\u00f1a. La ambulancia traslad\u00f3 al paciente simulado a la Unidad de Emergencia del hospital, donde el personal de turno realiz\u00f3 los procedimientos y atenciones correspondientes.<\/p>\n<\/div>\n<\/div>\n<\/div>\n<\/div>\n<\/div>\n<\/div>\n<\/div>\n<\/div>\n<\/article>\n<\/div>\n<\/div>\n<\/div>\n<\/div>\n","protected":false},"excerpt":{"rendered":"<p>&nbsp; Serenaonline.cl Ante la alerta de altas temperaturas emitida por la Direcci\u00f3n Meteorol\u00f3gica de Chile para la Regi\u00f3n de Coquimbo entre el 5 y el 7 de febrero, el Servicio de Salud Coquimbo, junto al SAMU regional, el Hospital de Vicu\u00f1a y la Seremi de Salud, realizaron un simulacro de atenci\u00f3n a pacientes afectados por &hellip;<\/p>\n","protected":false},"author":2,"featured_media":0,"comment_status":"closed","ping_status":"closed","sticky":false,"template":"","format":"standard","meta":{"footnotes":""},"categories":[2],"tags":[],"class_list":["post-3252","post","type-post","status-publish","format-standard","hentry","category-regionales"],"_links":{"self":[{"href":"https:\/\/www.elregional.cl\/index.php?rest_route=\/wp\/v2\/posts\/3252","targetHints":{"allow":["GET"]}}],"collection":[{"href":"https:\/\/www.elregional.cl\/index.php?rest_route=\/wp\/v2\/posts"}],"about":[{"href":"https:\/\/www.elregional.cl\/index.php?rest_route=\/wp\/v2\/types\/post"}],"author":[{"embeddable":true,"href":"https:\/\/www.elregional.cl\/index.php?rest_route=\/wp\/v2\/users\/2"}],"replies":[{"embeddable":true,"href":"https:\/\/www.elregional.cl\/index.php?rest_route=%2Fwp%2Fv2%2Fcomments&post=3252"}],"version-history":[{"count":1,"href":"https:\/\/www.elregional.cl\/index.php?rest_route=\/wp\/v2\/posts\/3252\/revisions"}],"predecessor-version":[{"id":3254,"href":"https:\/\/www.elregional.cl\/index.php?rest_route=\/wp\/v2\/posts\/3252\/revisions\/3254"}],"wp:attachment":[{"href":"https:\/\/www.elregional.cl\/index.php?rest_route=%2Fwp%2Fv2%2Fmedia&parent=3252"}],"wp:term":[{"taxonomy":"category","embeddable":true,"href":"https:\/\/www.elregional.cl\/index.php?rest_route=%2Fwp%2Fv2%2Fcategories&post=3252"},{"taxonomy":"post_tag","embeddable":true,"href":"https:\/\/www.elregional.cl\/index.php?rest_route=%2Fwp%2Fv2%2Ftags&post=3252"}],"curies":[{"name":"wp","href":"https:\/\/api.w.org\/{rel}","templated":true}]}}