{"id":3261,"date":"2025-02-10T14:20:36","date_gmt":"2025-02-10T14:20:36","guid":{"rendered":"https:\/\/www.elregional.cl\/?p=3261"},"modified":"2025-02-10T14:21:46","modified_gmt":"2025-02-10T14:21:46","slug":"2397-de-capacidad-penal-atacama-lidera-hacinamiento-carcelario-en-el-pais","status":"publish","type":"post","link":"https:\/\/www.elregional.cl\/?p=3261","title":{"rendered":"239,7% de capacidad penal: Atacama lidera hacinamiento carcelario en el pa\u00eds"},"content":{"rendered":"<p>&nbsp;<\/p>\n<p>514 cupos versus las 1.232 personas que cumplen penas actualmente en los recintos.<\/p>\n<p>Con un 239,7% de uso de su capacidad penal, la regi\u00f3n de Atacama cerr\u00f3 el 2024 liderando los \u00edndices de hacinamiento en Chile. Por su parte, el Centro de Cumplimiento Penitenciario (CCP) de Copiap\u00f3 qued\u00f3 en segundo lugar en hacinamiento a nivel nacional con un 327,7% tras Taltal que tiene un 371,9%.<\/p>\n<p>El centro penitenciario de la capital regional con fecha 31 de diciembre cerr\u00f3 el 2024 con 793 internos e internas siendo su capacidad original de 242 cupos. La misma realidad se vive en general en Atacama que tiene una capacidad carcelaria de 514 cupos versus las 1.232 personas que viven en los recintos.<\/p>\n<p>Sobre esto, el subsecretario de Justicia y Derechos Humanos, Ernesto Mu\u00f1oz, dijo que \u201cnosotros tenemos un plan maestro de infraestructura penitenciaria para hacernos cargo del principal problema que tiene nuestro sistema penitenciario: la sobrepoblaci\u00f3n. Cuando asumimos como gobierno, ten\u00edamos pr\u00e1cticamente el total de la capacidad instalada ocupada\u201d.<\/p>\n<p>La autoridad reconoci\u00f3 que \u201cdebido al aumento importante de la poblaci\u00f3n privada de libertad, hoy tenemos m\u00e1s del 30% de sobrepoblaci\u00f3n, en decir 59.506 plazas ocupadas, lo que implica que debemos enfrentar este desaf\u00edo a nivel nacional\u201d.<br \/>\nPara enfrentar esto, desde el ministerio detallaron la presentaci\u00f3n de un plan maestro, que contempla aumentos y ampliaciones de establecimientos penitenciarios a lo largo del pa\u00eds, la creaci\u00f3n de dos c\u00e1rceles nuevas en Calama y Copiap\u00f3, y adem\u00e1s la habilitaci\u00f3n de la c\u00e1rcel de La Laguna en Talca. En el caso de la c\u00e1rcel de Copiap\u00f3, El Arenal, contar\u00e1 con 2.160 plazas en 2029<br \/>\nA lo anterior agregaron que el plan maestro de infraestructura penitenciaria implica una inversi\u00f3n de 1,2 billones de pesos y permitir\u00e1n contar con 14 mil 356 plazas nuevas o rehabilitadas. Asimismo, si se llevan a la pr\u00e1ctica las iniciativas en evaluaci\u00f3n se podr\u00e1 poner a disposici\u00f3n del sistema penitenciario otras 14.494 plazas. Esto significar\u00e1 que el pa\u00eds podr\u00eda contar con un total de 28 mil 850 plazas para enfrentar el d\u00e9ficit proyectado.<\/p>\n<p>La nueva c\u00e1rcel de la capital regional de Atacama se emplazar\u00e1 a la altura del kil\u00f3metro 847 de la ruta 5 norte, a 42 kil\u00f3metros al norponiente de la ciudad de Copiap\u00f3. El terreno contempla 89 hect\u00e1reas de propiedad fiscal que ha sido destinado desde el Ministerio de Bienes Nacionales al Ministerio de Justicia para finalmente Gendarmer\u00eda de Chile.<\/p>\n<p>Soychile.cl<\/p>\n","protected":false},"excerpt":{"rendered":"<p>&nbsp; 514 cupos versus las 1.232 personas que cumplen penas actualmente en los recintos. Con un 239,7% de uso de su capacidad penal, la regi\u00f3n de Atacama cerr\u00f3 el 2024 liderando los \u00edndices de hacinamiento en Chile. Por su parte, el Centro de Cumplimiento Penitenciario (CCP) de Copiap\u00f3 qued\u00f3 en segundo lugar en hacinamiento a &hellip;<\/p>\n","protected":false},"author":2,"featured_media":0,"comment_status":"closed","ping_status":"closed","sticky":false,"template":"","format":"standard","meta":{"footnotes":""},"categories":[3],"tags":[],"class_list":["post-3261","post","type-post","status-publish","format-standard","hentry","category-pais"],"_links":{"self":[{"href":"https:\/\/www.elregional.cl\/index.php?rest_route=\/wp\/v2\/posts\/3261","targetHints":{"allow":["GET"]}}],"collection":[{"href":"https:\/\/www.elregional.cl\/index.php?rest_route=\/wp\/v2\/posts"}],"about":[{"href":"https:\/\/www.elregional.cl\/index.php?rest_route=\/wp\/v2\/types\/post"}],"author":[{"embeddable":true,"href":"https:\/\/www.elregional.cl\/index.php?rest_route=\/wp\/v2\/users\/2"}],"replies":[{"embeddable":true,"href":"https:\/\/www.elregional.cl\/index.php?rest_route=%2Fwp%2Fv2%2Fcomments&post=3261"}],"version-history":[{"count":1,"href":"https:\/\/www.elregional.cl\/index.php?rest_route=\/wp\/v2\/posts\/3261\/revisions"}],"predecessor-version":[{"id":3262,"href":"https:\/\/www.elregional.cl\/index.php?rest_route=\/wp\/v2\/posts\/3261\/revisions\/3262"}],"wp:attachment":[{"href":"https:\/\/www.elregional.cl\/index.php?rest_route=%2Fwp%2Fv2%2Fmedia&parent=3261"}],"wp:term":[{"taxonomy":"category","embeddable":true,"href":"https:\/\/www.elregional.cl\/index.php?rest_route=%2Fwp%2Fv2%2Fcategories&post=3261"},{"taxonomy":"post_tag","embeddable":true,"href":"https:\/\/www.elregional.cl\/index.php?rest_route=%2Fwp%2Fv2%2Ftags&post=3261"}],"curies":[{"name":"wp","href":"https:\/\/api.w.org\/{rel}","templated":true}]}}