{"id":3331,"date":"2025-02-17T04:37:55","date_gmt":"2025-02-17T04:37:55","guid":{"rendered":"https:\/\/www.elregional.cl\/?p=3331"},"modified":"2025-02-17T04:37:55","modified_gmt":"2025-02-17T04:37:55","slug":"sismo-de-menor-intensidad-se-registro-esta-tarde-en-coquimbo","status":"publish","type":"post","link":"https:\/\/www.elregional.cl\/?p=3331","title":{"rendered":"Sismo de menor intensidad se registr\u00f3 esta tarde en Coquimbo"},"content":{"rendered":"<p>&nbsp;<\/p>\n<p><strong>Un sismo de menor intensidad se percibi\u00f3 a las 20.26 en la Regi\u00f3n de Coquimbo<\/strong><\/p>\n<p>De acuerdo a la informaci\u00f3n publicada por el Centro Sismol\u00f3gico Nacional (<a title=\"\" href=\"https:\/\/www.sismologia.cl\/sismicidad\/informes\/2025\/02\/271038.html\" target=\"_blank\" rel=\"noopener nofollow\">CSN<\/a>), el movimiento fue de 4.4 grados Richter y se ubic\u00f3 a 20 kil\u00f3metros al NE de Tongoy.<\/p>\n<p>Hasta el momento no hay reportes sobre mayores emergencias debido a este sismo.<\/p>\n","protected":false},"excerpt":{"rendered":"<p>&nbsp; Un sismo de menor intensidad se percibi\u00f3 a las 20.26 en la Regi\u00f3n de Coquimbo De acuerdo a la informaci\u00f3n publicada por el Centro Sismol\u00f3gico Nacional (CSN), el movimiento fue de 4.4 grados Richter y se ubic\u00f3 a 20 kil\u00f3metros al NE de Tongoy. Hasta el momento no hay reportes sobre mayores emergencias debido &hellip;<\/p>\n","protected":false},"author":2,"featured_media":0,"comment_status":"closed","ping_status":"closed","sticky":false,"template":"","format":"standard","meta":{"footnotes":""},"categories":[2],"tags":[],"class_list":["post-3331","post","type-post","status-publish","format-standard","hentry","category-regionales"],"_links":{"self":[{"href":"https:\/\/www.elregional.cl\/index.php?rest_route=\/wp\/v2\/posts\/3331","targetHints":{"allow":["GET"]}}],"collection":[{"href":"https:\/\/www.elregional.cl\/index.php?rest_route=\/wp\/v2\/posts"}],"about":[{"href":"https:\/\/www.elregional.cl\/index.php?rest_route=\/wp\/v2\/types\/post"}],"author":[{"embeddable":true,"href":"https:\/\/www.elregional.cl\/index.php?rest_route=\/wp\/v2\/users\/2"}],"replies":[{"embeddable":true,"href":"https:\/\/www.elregional.cl\/index.php?rest_route=%2Fwp%2Fv2%2Fcomments&post=3331"}],"version-history":[{"count":1,"href":"https:\/\/www.elregional.cl\/index.php?rest_route=\/wp\/v2\/posts\/3331\/revisions"}],"predecessor-version":[{"id":3332,"href":"https:\/\/www.elregional.cl\/index.php?rest_route=\/wp\/v2\/posts\/3331\/revisions\/3332"}],"wp:attachment":[{"href":"https:\/\/www.elregional.cl\/index.php?rest_route=%2Fwp%2Fv2%2Fmedia&parent=3331"}],"wp:term":[{"taxonomy":"category","embeddable":true,"href":"https:\/\/www.elregional.cl\/index.php?rest_route=%2Fwp%2Fv2%2Fcategories&post=3331"},{"taxonomy":"post_tag","embeddable":true,"href":"https:\/\/www.elregional.cl\/index.php?rest_route=%2Fwp%2Fv2%2Ftags&post=3331"}],"curies":[{"name":"wp","href":"https:\/\/api.w.org\/{rel}","templated":true}]}}