{"id":3389,"date":"2025-02-19T07:00:08","date_gmt":"2025-02-19T07:00:08","guid":{"rendered":"https:\/\/www.elregional.cl\/?p=3389"},"modified":"2025-02-19T07:00:08","modified_gmt":"2025-02-19T07:00:08","slug":"el-vaticano-cancela-mas-eventos-del-ano-santo-por-hospitalizacion-del-papa-francisco","status":"publish","type":"post","link":"https:\/\/www.elregional.cl\/?p=3389","title":{"rendered":"El Vaticano cancela m\u00e1s eventos del A\u00f1o Santo por hospitalizaci\u00f3n del papa Francisco"},"content":{"rendered":"<header class=\"js-link-static | main-header\">\n<div class=\"main-header__wrapper main-header-wrapper | desktop:padding-block-20 mobile:padding-block-16\">\n<div class=\"main-header-wrapper__container | u-container\">\n<div class=\"main-header-wrapper__group main-header-group\">\n<div class=\"main-header__submenu main-header-submenu | js-main-header-submenu\">\n<div class=\"main-header-submenu__socials main-header-submenu-socials | all:margin-block-start-8\"><\/div>\n<\/div>\n<\/div>\n<\/div>\n<\/div>\n<\/header>\n<div class=\"js-content-static\">\n<div class=\"js_main_content\"><main class=\"js-link-static js-content-static-scroll | main | mobile:margin-block-20 desktop:margin-block-24 is-current\"><\/p>\n<div class=\"main__container | u-container\">\n<div class=\"u-the-banner u-negative-margin u-hide-in-desktop | mobile:margin-block-end-20 desktop:margin-block-end-24\">\n<div class=\"rtb_slot loaded\" data-adunit=\"top_568010\" data-slot=\"\/21647681410\/RADIOAGRICULTURA\/nota_banner_2\" data-dimensions=\"[[970, 90], [320, 100]]\" data-section=\"\" data-sizemapping=\"fullbanner2\">\n<div id=\"top_568010\" data-google-query-id=\"CJOoq5eUz4sDFapQuAQde6M3AA\">\n<div id=\"google_ads_iframe_\/21647681410\/RADIOAGRICULTURA\/nota_banner_2_0__container__\"><\/div>\n<\/div>\n<\/div>\n<\/div>\n<div id=\"senal_superior_single\"><\/div>\n<article class=\"main-article | mobile:margin-block-end-20 desktop:margin-block-end-104\">\n<header class=\"main-article__header | all:margin-block-end-24\">\n<div class=\"main-article__socials main-article-socials | all:margin-block-start-4\">El papa Francisco, que comenz\u00f3 el martes su quinto d\u00eda en el hospital por lo que los m\u00e9dicos han descrito como una infecci\u00f3n respiratoria \u201ccompleja\u201d<strong>, no participar\u00e1 en los actos del A\u00f1o Santo de este fin de semana, inform\u00f3 el Vaticano el martes<\/strong><\/div>\n<\/header>\n<div class=\"main-article__body main-layout\">\n<section class=\"main-article__content main-layout__item\">\n<div class=\"main-article__text main-article-text | js-content-post | all:margin-block-start-20 all:margin-block-end-24\">\n<p>Seg\u00fan detall\u00f3\u00a0<a href=\"https:\/\/www.vozdeamerica.com\/a\/el-vaticano-cancela-mas-eventos-del-ano-santo-por-hospitalizacion-de-francisco\/7978867.html\">La Voz de Am\u00e9rica<\/a>, las cancelaciones empa\u00f1aron los pr\u00f3ximos actos del A\u00f1o Santo del Vaticano, una celebraci\u00f3n del catolicismo que ocurre cada 25 a\u00f1os y que<strong>\u00a0tiene como objetivo animar a los peregrinos a ir a Roma para participar en actividades especiales.<\/strong><\/p>\n<p>Se espera que el Jubileo\u00a0<strong>atraiga a unos 30 millones de personas a Roma,<\/strong>\u00a0e incluye numerosas audiencias papales especiales y misas a lo largo de 2025, algunas de las cuales est\u00e1n ahora en duda por la enfermedad del pont\u00edfice argentino.<\/p>\n<p>Francisco ingres\u00f3 en el hospital Gemelli de Roma en estado \u201cregular\u201d el viernes, despu\u00e9s del empeoramiento de la bronquitis que padec\u00eda desde hac\u00eda una semana. El lunes, los doctores determinaron que sufr\u00eda una infecci\u00f3n respiratoria polimicrobiana,<strong>\u00a0lo que significa que una mezcla de virus, bacterias y posiblemente otros organismos se hab\u00edan alojado en su tracto respiratorio.<\/strong><\/p>\n<p>El Vaticano no ha indicado cu\u00e1nto tiempo podr\u00eda permanecer hospitalizado pero apunt\u00f3 que el tratamiento de un\u00a0<strong>\u201ccuadro cl\u00ednico complejo\u201d<\/strong>\u00a0requerir\u00eda una estancia \u201cadecuada\u201d.<\/p>\n<p>Este fin de semana del A\u00f1o Santo estaba dedicado a los di\u00e1conos, el ministerio que es un paso necesario para los hombres que se preparan para ser sacerdotes. Estaba previsto que Francisco presidiese una audiencia especial con ellos el s\u00e1bado y los ordenase en una misa el domingo.<\/p>\n<p><strong>El Vaticano anunci\u00f3 el martes que la audiencia fue cancelada y que el arzobispo que organiza el Jubileo oficiar\u00eda la misa<\/strong>. Es un arreglo similar al anunciado el fin de semana pasado, cuando los artistas que visitaron la ciudad tuvieron que conformarse con un oficio religioso presidido por un cardenal<\/p>\n<\/div>\n<\/section>\n<\/div>\n<\/article>\n<\/div>\n<p><\/main><\/div>\n<\/div>\n","protected":false},"excerpt":{"rendered":"<p>El papa Francisco, que comenz\u00f3 el martes su quinto d\u00eda en el hospital por lo que los m\u00e9dicos han descrito como una infecci\u00f3n respiratoria \u201ccompleja\u201d, no participar\u00e1 en los actos del A\u00f1o Santo de este fin de semana, inform\u00f3 el Vaticano el martes Seg\u00fan detall\u00f3\u00a0La Voz de Am\u00e9rica, las cancelaciones empa\u00f1aron los pr\u00f3ximos actos del &hellip;<\/p>\n","protected":false},"author":2,"featured_media":0,"comment_status":"closed","ping_status":"closed","sticky":false,"template":"","format":"standard","meta":{"footnotes":""},"categories":[4],"tags":[],"class_list":["post-3389","post","type-post","status-publish","format-standard","hentry","category-mundo"],"_links":{"self":[{"href":"https:\/\/www.elregional.cl\/index.php?rest_route=\/wp\/v2\/posts\/3389","targetHints":{"allow":["GET"]}}],"collection":[{"href":"https:\/\/www.elregional.cl\/index.php?rest_route=\/wp\/v2\/posts"}],"about":[{"href":"https:\/\/www.elregional.cl\/index.php?rest_route=\/wp\/v2\/types\/post"}],"author":[{"embeddable":true,"href":"https:\/\/www.elregional.cl\/index.php?rest_route=\/wp\/v2\/users\/2"}],"replies":[{"embeddable":true,"href":"https:\/\/www.elregional.cl\/index.php?rest_route=%2Fwp%2Fv2%2Fcomments&post=3389"}],"version-history":[{"count":1,"href":"https:\/\/www.elregional.cl\/index.php?rest_route=\/wp\/v2\/posts\/3389\/revisions"}],"predecessor-version":[{"id":3391,"href":"https:\/\/www.elregional.cl\/index.php?rest_route=\/wp\/v2\/posts\/3389\/revisions\/3391"}],"wp:attachment":[{"href":"https:\/\/www.elregional.cl\/index.php?rest_route=%2Fwp%2Fv2%2Fmedia&parent=3389"}],"wp:term":[{"taxonomy":"category","embeddable":true,"href":"https:\/\/www.elregional.cl\/index.php?rest_route=%2Fwp%2Fv2%2Fcategories&post=3389"},{"taxonomy":"post_tag","embeddable":true,"href":"https:\/\/www.elregional.cl\/index.php?rest_route=%2Fwp%2Fv2%2Ftags&post=3389"}],"curies":[{"name":"wp","href":"https:\/\/api.w.org\/{rel}","templated":true}]}}