{"id":3403,"date":"2025-02-19T07:16:02","date_gmt":"2025-02-19T07:16:02","guid":{"rendered":"https:\/\/www.elregional.cl\/?p=3403"},"modified":"2025-02-19T07:17:54","modified_gmt":"2025-02-19T07:17:54","slug":"tragedia-en-bolivia-28-muertos-y-20-heridos-tras-la-caida-de-un-autobus-por-un-barranco-en-potosi","status":"publish","type":"post","link":"https:\/\/www.elregional.cl\/?p=3403","title":{"rendered":"Tragedia en Bolivia: 28 muertos y 20 heridos tras la ca\u00edda de un autob\u00fas por un barranco en Potos\u00ed"},"content":{"rendered":"<header class=\"o-site-hr\">\n<div class=\"helper-site-row o-site-hr__second-level\">\n<div class=\"helper-site-container o-site-hr__second-level__container\">\n<div class=\"o-site-hr__second-level__burger-logo\">\n<div class=\"c-burger-button__bar c-burger-button__bar--middle\"><\/div>\n<\/div>\n<\/div>\n<\/div>\n<\/header>\n<div class=\"o-site-main--article-with-wallpaper__container\">\n<p>&nbsp;<\/p>\n<div id=\"articlesSwiper\" class=\"swiper-container c-swiper--full-article u-overflow-initial-medium swiper-container-initialized swiper-container-horizontal swiper-container-android\" data-published-at=\"1739861775\" data-theme=\"news\">\n<div class=\"swiper-wrapper swiper-wrapper--article\">\n<div class=\"jsArticleFirst u-transform-none swiper-slide swiper-slide-active\" data-ispartner=\"{&quot;startDate&quot;:0,&quot;endDate&quot;:0,&quot;slug&quot;:null,&quot;title&quot;:null,&quot;disclaimerLabelKey&quot;:null,&quot;sponsor&quot;:null,&quot;sponsorName&quot;:null,&quot;sponsorUrl&quot;:null,&quot;sponsorLogo&quot;:&quot;&quot;,&quot;sponsorLogoReverse&quot;:&quot;&quot;,&quot;isDfp&quot;:0}\" data-cid=\"9062938\" data-id=\"2757222\" data-published-at=\"1739861775\" data-url=\"\/2025\/02\/18\/tragedia-en-potosi-28-muertos-y-20-heridos-tras-la-caida-de-un-autobus-por-un-barranco\">\n<article class=\"o-article-newsy\">\n<div class=\"o-article-newsy__main\">\n<header class=\"o-article-newsy__main__header u-article-grid u-article-row-gap-large-3\">\n<div class=\"c-article-image-video u-position-relative \">\n<div class=\"c-article-image-copyright c-article-image-copyright--novideo\"><\/div>\n<\/div>\n<\/header>\n<div class=\"o-article-newsy__main__body u-article-content u-article-grid\">\n<p class=\"c-article-summary\">El portavoz del comando departamental de la Polic\u00eda de Potos\u00ed indic\u00f3 que el autob\u00fas cubr\u00eda la ruta entre Potos\u00ed y Oruro cuando ocurri\u00f3 el siniestro cerca de la localidad de Yocalla. Cada a\u00f1o se registran alrededor de 1.400 muertes y 40.000 heridos en incidentes viales en el pa\u00eds.<\/p>\n<div id=\"poool-content\" class=\"c-article-content js-article-content poool-content\" data-poool-session-status=\"released\">\n<div class=\"c-ad c-ad-halfpage u-show-for-small-only\">\n<div id=\"adzone-halfpage_1\" class=\"c-ad__adzone advertising js-adzone advertising--requested advertising--loaded advertising--rendered advertising--viewed\" data-ad-id=\"adzone-halfpage_1\" data-ad-type=\"halfpage\" data-ad-position=\"1\" data-google-query-id=\"CIvYo5-Xz4sDFbVMuAQdxfQ77w\">\n<div id=\"google_ads_iframe_\/6458\/es_euronews_new\/news\/news\/world_0__container__\"><\/div>\n<\/div>\n<div class=\"c-ad__placeholder\"><\/div>\n<\/div>\n<p><a href=\"https:\/\/es.euronews.com\/my-europe\/2024\/12\/01\/al-menos-dos-muertos-y-decenas-de-heridos-tras-volcarse-un-autobus-espanol-en-el-sur-de-fr\">Un accidente de tr\u00e1fico<\/a>\u00a0dej\u00f3 al menos 28 personas fallecidas y 20 heridas este lunes en la regi\u00f3n andina de Potos\u00ed, Bolivia, cuando un autob\u00fas interprovincial cay\u00f3 por un barranco de 800 metros. As\u00ed lo confirm\u00f3 la Polic\u00eda de\u00a0<a href=\"https:\/\/es.euronews.com\/tag\/bolivia\"><strong>Bolivia<\/strong><\/a>\u00a0en un reporte actualizado, que inicialmente hab\u00eda informado de 31 muertos y 15 heridos.<\/p>\n<p><strong>El portavoz<\/strong>\u00a0del comando departamental de la Polic\u00eda de Potos\u00ed, Limberth Choque,\u00a0<strong>indic\u00f3 que el autob\u00fas cubr\u00eda la ruta entre Potos\u00ed y Oruro<\/strong> cuando ocurri\u00f3 el siniestro cerca de la localidad de Yocalla, a unos 311 kil\u00f3metros de su destino.<\/p>\n<h2>V\u00edctimas y heridos: varios ni\u00f1os han muerto y otros cuatro est\u00e1n muy graves<\/h2>\n<p>Seg\u00fan el informe oficial, entre las\u00a0<a href=\"https:\/\/es.euronews.com\/my-europe\/2024\/11\/15\/mas-de-la-mitad-de-las-victimas-de-la-dana-eran-hombres-y-tenian-mas-de-70-anos\">v\u00edctimas mortales hay 19 hombres<\/a>, 6 mujeres y 3 ni\u00f1os. Los cuerpos han sido trasladados a la morgue del hospital p\u00fablico de Potos\u00ed. Entre los heridos hay\u00a0<strong>cuatro ni\u00f1os en estado cr\u00edtico<\/strong>, quienes permanecen en terapia intensiva con m\u00faltiples fracturas. Los adultos heridos presentan lesiones abdominales y \u00f3seas de diversa gravedad, y\u00a0<strong>todos est\u00e1n siendo atendidos en hospitales de Potos\u00ed.<\/strong><\/p>\n<p>Choque se\u00f1al\u00f3 que el accidente ocurri\u00f3 en una carretera con pendientes pronunciadas y curvas cerradas.\u00a0<strong>Las primeras investigaciones apuntan al exceso de velocidad como la principal causa del siniestro<\/strong>, ya que el conductor habr\u00eda perdido el control del veh\u00edculo. Las im\u00e1genes difundidas en redes sociales muestran el autob\u00fas completamente destruido al fondo del barranco. Los equipos especializados contin\u00faan trabajando en el lugar para esclarecer las causas exactas del accidente<\/p>\n<\/div>\n<\/div>\n<\/div>\n<\/article>\n<\/div>\n<\/div>\n<\/div>\n<p>&nbsp;<\/p>\n<\/div>\n","protected":false},"excerpt":{"rendered":"<p>&nbsp; El portavoz del comando departamental de la Polic\u00eda de Potos\u00ed indic\u00f3 que el autob\u00fas cubr\u00eda la ruta entre Potos\u00ed y Oruro cuando ocurri\u00f3 el siniestro cerca de la localidad de Yocalla. Cada a\u00f1o se registran alrededor de 1.400 muertes y 40.000 heridos en incidentes viales en el pa\u00eds. Un accidente de tr\u00e1fico\u00a0dej\u00f3 al menos &hellip;<\/p>\n","protected":false},"author":2,"featured_media":0,"comment_status":"closed","ping_status":"closed","sticky":false,"template":"","format":"standard","meta":{"footnotes":""},"categories":[4],"tags":[],"class_list":["post-3403","post","type-post","status-publish","format-standard","hentry","category-mundo"],"_links":{"self":[{"href":"https:\/\/www.elregional.cl\/index.php?rest_route=\/wp\/v2\/posts\/3403","targetHints":{"allow":["GET"]}}],"collection":[{"href":"https:\/\/www.elregional.cl\/index.php?rest_route=\/wp\/v2\/posts"}],"about":[{"href":"https:\/\/www.elregional.cl\/index.php?rest_route=\/wp\/v2\/types\/post"}],"author":[{"embeddable":true,"href":"https:\/\/www.elregional.cl\/index.php?rest_route=\/wp\/v2\/users\/2"}],"replies":[{"embeddable":true,"href":"https:\/\/www.elregional.cl\/index.php?rest_route=%2Fwp%2Fv2%2Fcomments&post=3403"}],"version-history":[{"count":2,"href":"https:\/\/www.elregional.cl\/index.php?rest_route=\/wp\/v2\/posts\/3403\/revisions"}],"predecessor-version":[{"id":3406,"href":"https:\/\/www.elregional.cl\/index.php?rest_route=\/wp\/v2\/posts\/3403\/revisions\/3406"}],"wp:attachment":[{"href":"https:\/\/www.elregional.cl\/index.php?rest_route=%2Fwp%2Fv2%2Fmedia&parent=3403"}],"wp:term":[{"taxonomy":"category","embeddable":true,"href":"https:\/\/www.elregional.cl\/index.php?rest_route=%2Fwp%2Fv2%2Fcategories&post=3403"},{"taxonomy":"post_tag","embeddable":true,"href":"https:\/\/www.elregional.cl\/index.php?rest_route=%2Fwp%2Fv2%2Ftags&post=3403"}],"curies":[{"name":"wp","href":"https:\/\/api.w.org\/{rel}","templated":true}]}}