{"id":3448,"date":"2025-02-24T04:45:51","date_gmt":"2025-02-24T04:45:51","guid":{"rendered":"https:\/\/www.elregional.cl\/?p=3448"},"modified":"2025-02-24T04:45:51","modified_gmt":"2025-02-24T04:45:51","slug":"boxeadora-chilenaleona-asenjo-vencio-a-tania-finita-garcia-y-retuvo-su-titulo-mundial","status":"publish","type":"post","link":"https:\/\/www.elregional.cl\/?p=3448","title":{"rendered":"Boxeadora chilena\u201cLeona\u201d Asenjo venci\u00f3 a Tania \u201cFinita\u201d Garc\u00eda y retuvo su t\u00edtulo mundial"},"content":{"rendered":"<p>\u201cLeona\u201d Asenjo venci\u00f3 a Tania \u201cFinita\u201d Garc\u00eda y retuvo su t\u00edtulo mundial<br \/>\nLa boxeadora valdiviana no dio espacio a sorpresas y se impuso en el combate disputado en el Coliseo Municipal.<\/p>\n<p>&nbsp;<\/p>\n<p>La \u201cLeona\u201d no estaba para sorpresas. La boxeadora valdiviana Daniela Asenjo venci\u00f3 a su retadora mexicana Tania \u201cFinita\u201d Garc\u00eda y nuevamente retuvo su t\u00edtulo mundial Silver Gallo del Consejo Mundial de Boxeo.<br \/>\nLa deportista local se impuso como local, en combate disputado en el Coliseo Antonio Azurmendy de Valdivia ante cerca de 2.500 espectadores, y en una velada que incluy\u00f3 una serie de peleas preliminares.<br \/>\nDaniela Asenjo gan\u00f3 el t\u00edtulo mundial Silver Gallo del Consejo Mundial de Boxeo el 29 de octubre de 2023 tras vencer por puntos a la kazaja Angelina Lukas en combate disputado en Estambul, Turqu\u00eda. Adem\u00e1s, el 15 de marzo del a\u00f1o pasado, defendi\u00f3 por primera vez su t\u00edtulo mundial tras vencer tambi\u00e9n por puntos a la mexicana Victoria Torres en el Coliseo Municipal de Valdivia.<\/p>\n<p>Soychile.cl<\/p>\n","protected":false},"excerpt":{"rendered":"<p>\u201cLeona\u201d Asenjo venci\u00f3 a Tania \u201cFinita\u201d Garc\u00eda y retuvo su t\u00edtulo mundial La boxeadora valdiviana no dio espacio a sorpresas y se impuso en el combate disputado en el Coliseo Municipal. &nbsp; La \u201cLeona\u201d no estaba para sorpresas. La boxeadora valdiviana Daniela Asenjo venci\u00f3 a su retadora mexicana Tania \u201cFinita\u201d Garc\u00eda y nuevamente retuvo su &hellip;<\/p>\n","protected":false},"author":2,"featured_media":0,"comment_status":"closed","ping_status":"closed","sticky":false,"template":"","format":"standard","meta":{"footnotes":""},"categories":[5],"tags":[],"class_list":["post-3448","post","type-post","status-publish","format-standard","hentry","category-deportes"],"_links":{"self":[{"href":"https:\/\/www.elregional.cl\/index.php?rest_route=\/wp\/v2\/posts\/3448","targetHints":{"allow":["GET"]}}],"collection":[{"href":"https:\/\/www.elregional.cl\/index.php?rest_route=\/wp\/v2\/posts"}],"about":[{"href":"https:\/\/www.elregional.cl\/index.php?rest_route=\/wp\/v2\/types\/post"}],"author":[{"embeddable":true,"href":"https:\/\/www.elregional.cl\/index.php?rest_route=\/wp\/v2\/users\/2"}],"replies":[{"embeddable":true,"href":"https:\/\/www.elregional.cl\/index.php?rest_route=%2Fwp%2Fv2%2Fcomments&post=3448"}],"version-history":[{"count":1,"href":"https:\/\/www.elregional.cl\/index.php?rest_route=\/wp\/v2\/posts\/3448\/revisions"}],"predecessor-version":[{"id":3450,"href":"https:\/\/www.elregional.cl\/index.php?rest_route=\/wp\/v2\/posts\/3448\/revisions\/3450"}],"wp:attachment":[{"href":"https:\/\/www.elregional.cl\/index.php?rest_route=%2Fwp%2Fv2%2Fmedia&parent=3448"}],"wp:term":[{"taxonomy":"category","embeddable":true,"href":"https:\/\/www.elregional.cl\/index.php?rest_route=%2Fwp%2Fv2%2Fcategories&post=3448"},{"taxonomy":"post_tag","embeddable":true,"href":"https:\/\/www.elregional.cl\/index.php?rest_route=%2Fwp%2Fv2%2Ftags&post=3448"}],"curies":[{"name":"wp","href":"https:\/\/api.w.org\/{rel}","templated":true}]}}