{"id":345,"date":"2024-08-16T22:11:05","date_gmt":"2024-08-16T22:11:05","guid":{"rendered":"https:\/\/www.elregional.cl\/?p=345"},"modified":"2024-08-16T22:12:05","modified_gmt":"2024-08-16T22:12:05","slug":"este-domingo-se-corre-la-trail-running-ruta-ancestral-de-ovalle","status":"publish","type":"post","link":"https:\/\/www.elregional.cl\/?p=345","title":{"rendered":"Este domingo se corre la Trail Running ruta ancestral de Ovalle."},"content":{"rendered":"<p>Este domingo 18 de agosto 2024 se celebrar\u00e1 la competencia de trail running ruta ancestral en Ovalle, evento que reunir\u00e1 a los m\u00e1s selectos equipos de la regi\u00f3n representantes de esta exigente disciplina deportiva.<\/p>\n<p>Uno de los teams que tomar\u00e1 parte en esta competencia es el club deportivo TRAIL QUILAHUEN, el cual participar\u00e1 en las distancias 3, 10 y 25 kms.<br \/>\nEsta escuadra es un equipo\u00a0 regional, con integrantes de todas las provincias .<\/p>\n<p>Para m\u00e1s detalles ingresa al instagram TRAIL QUILAHUEN y participa de esta competencia al aire libre.<\/p>\n","protected":false},"excerpt":{"rendered":"<p>Este domingo 18 de agosto 2024 se celebrar\u00e1 la competencia de trail running ruta ancestral en Ovalle, evento que reunir\u00e1 a los m\u00e1s selectos equipos de la regi\u00f3n representantes de esta exigente disciplina deportiva. Uno de los teams que tomar\u00e1 parte en esta competencia es el club deportivo TRAIL QUILAHUEN, el cual participar\u00e1 en las &hellip;<\/p>\n","protected":false},"author":2,"featured_media":0,"comment_status":"closed","ping_status":"closed","sticky":false,"template":"","format":"standard","meta":{"footnotes":""},"categories":[5],"tags":[],"class_list":["post-345","post","type-post","status-publish","format-standard","hentry","category-deportes"],"_links":{"self":[{"href":"https:\/\/www.elregional.cl\/index.php?rest_route=\/wp\/v2\/posts\/345","targetHints":{"allow":["GET"]}}],"collection":[{"href":"https:\/\/www.elregional.cl\/index.php?rest_route=\/wp\/v2\/posts"}],"about":[{"href":"https:\/\/www.elregional.cl\/index.php?rest_route=\/wp\/v2\/types\/post"}],"author":[{"embeddable":true,"href":"https:\/\/www.elregional.cl\/index.php?rest_route=\/wp\/v2\/users\/2"}],"replies":[{"embeddable":true,"href":"https:\/\/www.elregional.cl\/index.php?rest_route=%2Fwp%2Fv2%2Fcomments&post=345"}],"version-history":[{"count":2,"href":"https:\/\/www.elregional.cl\/index.php?rest_route=\/wp\/v2\/posts\/345\/revisions"}],"predecessor-version":[{"id":349,"href":"https:\/\/www.elregional.cl\/index.php?rest_route=\/wp\/v2\/posts\/345\/revisions\/349"}],"wp:attachment":[{"href":"https:\/\/www.elregional.cl\/index.php?rest_route=%2Fwp%2Fv2%2Fmedia&parent=345"}],"wp:term":[{"taxonomy":"category","embeddable":true,"href":"https:\/\/www.elregional.cl\/index.php?rest_route=%2Fwp%2Fv2%2Fcategories&post=345"},{"taxonomy":"post_tag","embeddable":true,"href":"https:\/\/www.elregional.cl\/index.php?rest_route=%2Fwp%2Fv2%2Ftags&post=345"}],"curies":[{"name":"wp","href":"https:\/\/api.w.org\/{rel}","templated":true}]}}