{"id":3470,"date":"2025-02-25T01:44:22","date_gmt":"2025-02-25T01:44:22","guid":{"rendered":"https:\/\/www.elregional.cl\/?p=3470"},"modified":"2025-02-25T01:49:35","modified_gmt":"2025-02-25T01:49:35","slug":"nuevo-homicidio-en-ovalle","status":"publish","type":"post","link":"https:\/\/www.elregional.cl\/?p=3470","title":{"rendered":"Nuevo Homicidio en Ovalle."},"content":{"rendered":"<p>Por Andr\u00e9s Sandoval Z.<\/p>\n<p>Detectives de la Brigada de Investigaci\u00f3n Criminal Ovalle se encuentran resguardando el sitio del suceso en la poblaci\u00f3n El Mirador II, donde un hombre falleci\u00f3 por la gravedad de las lesiones provocadas con un arma cortante, seg\u00fan la informaci\u00f3n preliminar.<\/p>\n<p>\u201cPersonal de esta unidad especializada concurre a esta hora hasta la comuna de Ovalle, a solicitud del\u00a0<a title=\"\" href=\"http:\/\/www.fiscaliadechile.cl\/\" target=\"_blank\" rel=\"noopener nofollow\">Ministerio P\u00fablico<\/a>, por el homicidio con arma cortante de un hombre de 29 a\u00f1os, de nacionalidad chilena. El hecho habr\u00eda ocurrido en la v\u00eda p\u00fablica, en calle Mario Ram\u00edrez, y con peritos del Laboratorio de Criminal\u00edstica Regional desarrollaremos las primeras diligencias para establecer las circunstancias y responsabilidades por este delito\u201d, indic\u00f3 el subprefecto Freddy Montoya, jefe (s) de la Brigada de Homicidios La Serena.<\/p>\n<h2 class=\"wp-block-heading\">Detenido<\/h2>\n<p>Seg\u00fan lo indicado por el Mayor Erwin Orellana, comisario de la 3ra Comisar\u00eda de Ovalle, en un tiempo de dos horas fue detenido el presunto responsable del homicidio, quien cuenta con un amplio prontuario policial.<\/p>\n<p>Serenaonline.cl<\/p>\n","protected":false},"excerpt":{"rendered":"<p>Por Andr\u00e9s Sandoval Z. Detectives de la Brigada de Investigaci\u00f3n Criminal Ovalle se encuentran resguardando el sitio del suceso en la poblaci\u00f3n El Mirador II, donde un hombre falleci\u00f3 por la gravedad de las lesiones provocadas con un arma cortante, seg\u00fan la informaci\u00f3n preliminar. \u201cPersonal de esta unidad especializada concurre a esta hora hasta la &hellip;<\/p>\n","protected":false},"author":2,"featured_media":0,"comment_status":"closed","ping_status":"closed","sticky":false,"template":"","format":"standard","meta":{"footnotes":""},"categories":[2],"tags":[],"class_list":["post-3470","post","type-post","status-publish","format-standard","hentry","category-regionales"],"_links":{"self":[{"href":"https:\/\/www.elregional.cl\/index.php?rest_route=\/wp\/v2\/posts\/3470","targetHints":{"allow":["GET"]}}],"collection":[{"href":"https:\/\/www.elregional.cl\/index.php?rest_route=\/wp\/v2\/posts"}],"about":[{"href":"https:\/\/www.elregional.cl\/index.php?rest_route=\/wp\/v2\/types\/post"}],"author":[{"embeddable":true,"href":"https:\/\/www.elregional.cl\/index.php?rest_route=\/wp\/v2\/users\/2"}],"replies":[{"embeddable":true,"href":"https:\/\/www.elregional.cl\/index.php?rest_route=%2Fwp%2Fv2%2Fcomments&post=3470"}],"version-history":[{"count":1,"href":"https:\/\/www.elregional.cl\/index.php?rest_route=\/wp\/v2\/posts\/3470\/revisions"}],"predecessor-version":[{"id":3471,"href":"https:\/\/www.elregional.cl\/index.php?rest_route=\/wp\/v2\/posts\/3470\/revisions\/3471"}],"wp:attachment":[{"href":"https:\/\/www.elregional.cl\/index.php?rest_route=%2Fwp%2Fv2%2Fmedia&parent=3470"}],"wp:term":[{"taxonomy":"category","embeddable":true,"href":"https:\/\/www.elregional.cl\/index.php?rest_route=%2Fwp%2Fv2%2Fcategories&post=3470"},{"taxonomy":"post_tag","embeddable":true,"href":"https:\/\/www.elregional.cl\/index.php?rest_route=%2Fwp%2Fv2%2Ftags&post=3470"}],"curies":[{"name":"wp","href":"https:\/\/api.w.org\/{rel}","templated":true}]}}