{"id":3547,"date":"2025-03-01T09:00:28","date_gmt":"2025-03-01T09:00:28","guid":{"rendered":"https:\/\/www.elregional.cl\/?p=3547"},"modified":"2025-03-01T09:03:26","modified_gmt":"2025-03-01T09:03:26","slug":"en-operativo-conjunto-policia-maritima-de-coquimbo-desaloja-a-personas-en-situacion-de-calle-que-se-albergaban-en-el-borde-costero","status":"publish","type":"post","link":"https:\/\/www.elregional.cl\/?p=3547","title":{"rendered":"En operativo conjunto Polic\u00eda Mar\u00edtima de Coquimbo desaloja a personas en situaci\u00f3n de calle que se albergaban en el borde costero"},"content":{"rendered":"<p>Por Andr\u00e9s Sandoval Z.<\/p>\n<p>Durante la jornada de ayer personal de la Polic\u00eda Maritima dependientes de la Capitan\u00eda de Puerto de Coquimbo en conjunto con funcionarios de Seguridad Ciudadana de la Municipalidad porte\u00f1a , realizaron un operativo conjunto en el borde costero en sectores de Playa Changa, Pe\u00f1uelas y Playa La Herradura, en donde la Autoridad Mar\u00edtima realizaron controles de identidad, consulta de antecedentes como tambi\u00e9n la revisi\u00f3n y desalojo de los llamados \u00bb rucos\u00bb en donde pernoctan estos individuos y que se transforman en focos de delincuencia e ingesta de alcohol y drogas.<\/p>\n<p>M\u00e1s de una decena de sujetos fueron desalojados, en tanto que dos individuos fueron detenidos por ingesta de alcohol en la v\u00eda p\u00fablica ( borde costero)<\/p>\n<p><img loading=\"lazy\" decoding=\"async\" class=\"alignnone size-medium wp-image-3548\" src=\"https:\/\/www.elregional.cl\/wp-content\/uploads\/2025\/03\/F_T2ujWXwAAm8Dr-300x237.jpg\" alt=\"\" width=\"300\" height=\"237\" \/><\/p>\n","protected":false},"excerpt":{"rendered":"<p>Por Andr\u00e9s Sandoval Z. Durante la jornada de ayer personal de la Polic\u00eda Maritima dependientes de la Capitan\u00eda de Puerto de Coquimbo en conjunto con funcionarios de Seguridad Ciudadana de la Municipalidad porte\u00f1a , realizaron un operativo conjunto en el borde costero en sectores de Playa Changa, Pe\u00f1uelas y Playa La Herradura, en donde la &hellip;<\/p>\n","protected":false},"author":2,"featured_media":0,"comment_status":"closed","ping_status":"closed","sticky":false,"template":"","format":"standard","meta":{"footnotes":""},"categories":[13],"tags":[],"class_list":["post-3547","post","type-post","status-publish","format-standard","hentry","category-coquimbo"],"_links":{"self":[{"href":"https:\/\/www.elregional.cl\/index.php?rest_route=\/wp\/v2\/posts\/3547","targetHints":{"allow":["GET"]}}],"collection":[{"href":"https:\/\/www.elregional.cl\/index.php?rest_route=\/wp\/v2\/posts"}],"about":[{"href":"https:\/\/www.elregional.cl\/index.php?rest_route=\/wp\/v2\/types\/post"}],"author":[{"embeddable":true,"href":"https:\/\/www.elregional.cl\/index.php?rest_route=\/wp\/v2\/users\/2"}],"replies":[{"embeddable":true,"href":"https:\/\/www.elregional.cl\/index.php?rest_route=%2Fwp%2Fv2%2Fcomments&post=3547"}],"version-history":[{"count":2,"href":"https:\/\/www.elregional.cl\/index.php?rest_route=\/wp\/v2\/posts\/3547\/revisions"}],"predecessor-version":[{"id":3553,"href":"https:\/\/www.elregional.cl\/index.php?rest_route=\/wp\/v2\/posts\/3547\/revisions\/3553"}],"wp:attachment":[{"href":"https:\/\/www.elregional.cl\/index.php?rest_route=%2Fwp%2Fv2%2Fmedia&parent=3547"}],"wp:term":[{"taxonomy":"category","embeddable":true,"href":"https:\/\/www.elregional.cl\/index.php?rest_route=%2Fwp%2Fv2%2Fcategories&post=3547"},{"taxonomy":"post_tag","embeddable":true,"href":"https:\/\/www.elregional.cl\/index.php?rest_route=%2Fwp%2Fv2%2Ftags&post=3547"}],"curies":[{"name":"wp","href":"https:\/\/api.w.org\/{rel}","templated":true}]}}