{"id":3575,"date":"2025-03-02T16:23:03","date_gmt":"2025-03-02T16:23:03","guid":{"rendered":"https:\/\/www.elregional.cl\/?p=3575"},"modified":"2025-03-02T16:23:57","modified_gmt":"2025-03-02T16:23:57","slug":"seis-alcaldes-de-la-region-de-coquimbo-conocen-experiencia-de-planta-solar-comunitaria-de-talagante-para-replicar-en-comunas","status":"publish","type":"post","link":"https:\/\/www.elregional.cl\/?p=3575","title":{"rendered":"Seis alcaldes de la regi\u00f3n de Coquimbo conocen experiencia de planta solar comunitaria de Talagante para replicar en comunas"},"content":{"rendered":"<header id=\"theme-header\" class=\"theme-header header-layout-3 main-nav-dark main-nav-default-dark main-nav-below main-nav-boxed no-stream-item top-nav-active top-nav-dark top-nav-default-dark top-nav-above has-shadow has-normal-width-logo mobile-header-default\">\n<div class=\"container header-container\">\n<div class=\"tie-row logo-row\">\n<div class=\"logo-wrapper\">\n<div class=\"tie-col-md-4 logo-container clearfix default-behavior-mode\">\n<div id=\"mobile-header-components-area_1\" class=\"mobile-header-components\">\n<p>&nbsp;<\/p>\n<\/div>\n<\/div>\n<\/div>\n<\/div>\n<\/div>\n<\/header>\n<div id=\"content\" class=\"site-content container\">\n<div id=\"main-content-row\" class=\"tie-row main-content-row\">\n<div class=\"main-content tie-col-md-8 tie-col-xs-12\" role=\"main\">\n<article id=\"the-post\" class=\"container-wrapper post-content tie-standard\">\n<div class=\"featured-area\">\n<div class=\"featured-area-inner\"><\/div>\n<\/div>\n<div class=\"entry-content entry clearfix\">\n<p><strong><em>Elquiglobal.cl<\/em><\/strong><\/p>\n<p><strong><em>Ediles de Vicu\u00f1a, Monte Patria, Punitaqui, R\u00edo Hurtado, Illapel y Canela participaron en presentaci\u00f3n de plan piloto del Ministerio de Energ\u00eda.<\/em><\/strong><\/p>\n<p>Los alcaldes de Vicu\u00f1a, Monte Patria, Punitaqui, R\u00edo Hurtado, Illapel y Canela participaron en Talagante en la presentaci\u00f3n del plan piloto de generaci\u00f3n solar comunitaria, que permite un descuento en las cuentas de luz de familias vulnerables, y que fue lanzado hoy por el Ministerio de Energ\u00eda.<\/p>\n<p>La iniciativa \u201cParque Solar Comunitario\u201d consiste en implementar una planta fotovoltaica en un terreno municipal o entregado en comodato al municipio, que inyecte electricidad a la red de acuerdo con la ley 21.118 de generaci\u00f3n distribuida. La energ\u00eda es valorizada y descontada de forma remota en las cuentas mensuales de un grupo de familias de un villorrio o sector que defina la municipalidad. Este plan piloto ser\u00e1 por ventanilla abierta por un mes para reunir una cartera de proyectos en gran parte del pa\u00eds.<\/p>\n<p>El ministro de Energ\u00eda, Diego Pardow, agradeci\u00f3 la presencia de los alcaldes \u201cporque este tipo de iniciales apuntan a encontrar soluciones de fondo, con un proyecto que funciona y que ya est\u00e1 reflej\u00e1ndose con cuentas de pago 0, y como funciona, necesitamos hacer m\u00e1s, con una cartera de proyectos que luego buscaremos los fondos para financiarlos. Si queremos aprovechar todo el potencial que tenemos para las energ\u00edas limpias necesitamos encontrar soluciones cercanas a la ciudadan\u00eda que le cambien la vida a las personas\u201d.<\/p>\n<p>El seremi de Energ\u00eda, Eduardo Lara, expuso que \u201cesta es una gran iniciativa del Ministerio, aprovechando las condiciones especiales que tiene nuestra Regi\u00f3n de Coquimbo, y nos vamos con el entusiasmo de los alcaldes, porque en el corto plazo se abre un concurso para que los municipios postulen. Se requiere de un terreno de media hect\u00e1rea y con una conexi\u00f3n a una red de media tensi\u00f3n, en un trabajo mancomunado\u201d.<\/p>\n<p>El alcalde de Vicu\u00f1a, Mario Aros, agradeci\u00f3 al ministro y al seremi porque \u201chan visto en Vicu\u00f1a un modelo. Estamos trabajando desde el minuto uno cuando fue el ministro y tenemos 3 sitios donde se podr\u00eda instalar estas plantas y como es tan positivo queremos trabajar en una segunda y tercera etapa. Porque es la gente los que en definitiva se ven beneficiados con el descuento que les hace esta planta solar\u201d. La alcaldesa de R\u00edo Hurtado, Juana Olivares, concord\u00f3 en que esta experiencia es \u201ctotalmente replicable para nuestras comunas que son peque\u00f1as. Es una muy buena alternativa que rebajar nuestras cuentas y que beneficiar\u00eda a los vecinos, con un modelo de gesti\u00f3n aplicable porque en las comunas rurales se nota mucho la falta de energ\u00eda con las bajas de voltaje que afectan a los APR y a las comunidades\u201d.<\/p>\n<\/div>\n<\/article>\n<\/div>\n<\/div>\n<\/div>\n","protected":false},"excerpt":{"rendered":"<p>&nbsp; Elquiglobal.cl Ediles de Vicu\u00f1a, Monte Patria, Punitaqui, R\u00edo Hurtado, Illapel y Canela participaron en presentaci\u00f3n de plan piloto del Ministerio de Energ\u00eda. Los alcaldes de Vicu\u00f1a, Monte Patria, Punitaqui, R\u00edo Hurtado, Illapel y Canela participaron en Talagante en la presentaci\u00f3n del plan piloto de generaci\u00f3n solar comunitaria, que permite un descuento en las cuentas &hellip;<\/p>\n","protected":false},"author":2,"featured_media":0,"comment_status":"closed","ping_status":"closed","sticky":false,"template":"","format":"standard","meta":{"footnotes":""},"categories":[2],"tags":[],"class_list":["post-3575","post","type-post","status-publish","format-standard","hentry","category-regionales"],"_links":{"self":[{"href":"https:\/\/www.elregional.cl\/index.php?rest_route=\/wp\/v2\/posts\/3575","targetHints":{"allow":["GET"]}}],"collection":[{"href":"https:\/\/www.elregional.cl\/index.php?rest_route=\/wp\/v2\/posts"}],"about":[{"href":"https:\/\/www.elregional.cl\/index.php?rest_route=\/wp\/v2\/types\/post"}],"author":[{"embeddable":true,"href":"https:\/\/www.elregional.cl\/index.php?rest_route=\/wp\/v2\/users\/2"}],"replies":[{"embeddable":true,"href":"https:\/\/www.elregional.cl\/index.php?rest_route=%2Fwp%2Fv2%2Fcomments&post=3575"}],"version-history":[{"count":2,"href":"https:\/\/www.elregional.cl\/index.php?rest_route=\/wp\/v2\/posts\/3575\/revisions"}],"predecessor-version":[{"id":3580,"href":"https:\/\/www.elregional.cl\/index.php?rest_route=\/wp\/v2\/posts\/3575\/revisions\/3580"}],"wp:attachment":[{"href":"https:\/\/www.elregional.cl\/index.php?rest_route=%2Fwp%2Fv2%2Fmedia&parent=3575"}],"wp:term":[{"taxonomy":"category","embeddable":true,"href":"https:\/\/www.elregional.cl\/index.php?rest_route=%2Fwp%2Fv2%2Fcategories&post=3575"},{"taxonomy":"post_tag","embeddable":true,"href":"https:\/\/www.elregional.cl\/index.php?rest_route=%2Fwp%2Fv2%2Ftags&post=3575"}],"curies":[{"name":"wp","href":"https:\/\/api.w.org\/{rel}","templated":true}]}}