{"id":3657,"date":"2025-03-05T07:05:28","date_gmt":"2025-03-05T07:05:28","guid":{"rendered":"https:\/\/www.elregional.cl\/?p=3657"},"modified":"2025-03-05T07:05:28","modified_gmt":"2025-03-05T07:05:28","slug":"accidente-de-transito-en-ruta-d45-deja-dos-fallecidos","status":"publish","type":"post","link":"https:\/\/www.elregional.cl\/?p=3657","title":{"rendered":"Accidente de tr\u00e1nsito en Ruta D45 deja dos fallecidos"},"content":{"rendered":"<div class=\"td_block_wrap tdb_title tdi_12 tdb-single-title td-pb-border-top td_block_template_1\" data-td-block-uid=\"tdi_12\">\n<div><\/div>\n<\/div>\n<div class=\"td_block_wrap tdb_single_featured_image tdi_19 tdb-content-horiz-left td-pb-border-top td_block_template_1\" data-td-block-uid=\"tdi_19\">\n<div class=\"tdb-block-inner td-fix-index\"><\/div>\n<\/div>\n<p>&nbsp;<\/p>\n<div class=\"td_block_wrap tdb_single_content tdi_21 td-pb-border-top td_block_template_1 td-post-content tagdiv-type\" data-td-block-uid=\"tdi_21\">\n<div class=\"tdb-block-inner td-fix-index\">\n<p><em>De acuerdo con la informaci\u00f3 proporcionada por <a title=\"\" href=\"https:\/\/www.carabineros.cl\/\" target=\"_blank\" rel=\"noopener nofollow\">Carabineros<\/a>\u00a0de Limar\u00ed, una colisi\u00f3n frontolateral de alta energ\u00eda que involucr\u00f3 a dos veh\u00edculos menores en la intersecci\u00f3n de las Rutas D-555 y D-45, en el cruce San Juli\u00e1n, tuvo como consecuencia dos fallecidos y siete lesionados.<\/em><\/p>\n<p><span id=\"more-189550\"><\/span>El accidente ocurri\u00f3 hoy martes 3 de marzo, alrededor de las 10:00 de la ma\u00f1ana. Entre los involucrados, dos lesionados menores de edad fueron trasladados con sus madres al SAR Macuada. Otros dos lesionados fueron trasladados al Hospital de Ovalle, mientras que un \u00faltimo lesionado permaneci\u00f3 atrapado al interior de uno de los veh\u00edculos involucrados.<\/p>\n<h2 class=\"wp-block-heading\">Interrupci\u00f3n del Tr\u00e1nsito<\/h2>\n<p>Al momento, el tr\u00e1nsito en sentido Sur a Norte se encuentra interrumpido en el sitio del accidente, a la espera de la llegada de la SIAT de Carabineros para realizar las pericias correspondientes.<\/p>\n<\/div>\n<\/div>\n","protected":false},"excerpt":{"rendered":"<p>&nbsp; De acuerdo con la informaci\u00f3 proporcionada por Carabineros\u00a0de Limar\u00ed, una colisi\u00f3n frontolateral de alta energ\u00eda que involucr\u00f3 a dos veh\u00edculos menores en la intersecci\u00f3n de las Rutas D-555 y D-45, en el cruce San Juli\u00e1n, tuvo como consecuencia dos fallecidos y siete lesionados. El accidente ocurri\u00f3 hoy martes 3 de marzo, alrededor de las &hellip;<\/p>\n","protected":false},"author":2,"featured_media":0,"comment_status":"closed","ping_status":"closed","sticky":false,"template":"","format":"standard","meta":{"footnotes":""},"categories":[2],"tags":[],"class_list":["post-3657","post","type-post","status-publish","format-standard","hentry","category-regionales"],"_links":{"self":[{"href":"https:\/\/www.elregional.cl\/index.php?rest_route=\/wp\/v2\/posts\/3657","targetHints":{"allow":["GET"]}}],"collection":[{"href":"https:\/\/www.elregional.cl\/index.php?rest_route=\/wp\/v2\/posts"}],"about":[{"href":"https:\/\/www.elregional.cl\/index.php?rest_route=\/wp\/v2\/types\/post"}],"author":[{"embeddable":true,"href":"https:\/\/www.elregional.cl\/index.php?rest_route=\/wp\/v2\/users\/2"}],"replies":[{"embeddable":true,"href":"https:\/\/www.elregional.cl\/index.php?rest_route=%2Fwp%2Fv2%2Fcomments&post=3657"}],"version-history":[{"count":1,"href":"https:\/\/www.elregional.cl\/index.php?rest_route=\/wp\/v2\/posts\/3657\/revisions"}],"predecessor-version":[{"id":3659,"href":"https:\/\/www.elregional.cl\/index.php?rest_route=\/wp\/v2\/posts\/3657\/revisions\/3659"}],"wp:attachment":[{"href":"https:\/\/www.elregional.cl\/index.php?rest_route=%2Fwp%2Fv2%2Fmedia&parent=3657"}],"wp:term":[{"taxonomy":"category","embeddable":true,"href":"https:\/\/www.elregional.cl\/index.php?rest_route=%2Fwp%2Fv2%2Fcategories&post=3657"},{"taxonomy":"post_tag","embeddable":true,"href":"https:\/\/www.elregional.cl\/index.php?rest_route=%2Fwp%2Fv2%2Ftags&post=3657"}],"curies":[{"name":"wp","href":"https:\/\/api.w.org\/{rel}","templated":true}]}}