{"id":3779,"date":"2025-03-09T20:45:41","date_gmt":"2025-03-09T20:45:41","guid":{"rendered":"https:\/\/www.elregional.cl\/?p=3779"},"modified":"2025-03-09T20:45:41","modified_gmt":"2025-03-09T20:45:41","slug":"nuevo-crucero-recala-en-coquimbo","status":"publish","type":"post","link":"https:\/\/www.elregional.cl\/?p=3779","title":{"rendered":"Nuevo Crucero recala en Coquimbo"},"content":{"rendered":"<p>Este domingo a las 12:04 horas recal\u00f3 en el sitio 3 de TPC\u00a0 Coquimbo el crucero Amera, embarcaci\u00f3n construida en astilleros de Finlandia con bandera de Bahamas con 720 pasajeros a Bordo.<\/p>\n<p>El lujoso transatl\u00e1ntico permanecer\u00e1 en el Terminal portuario Coquimbano aproximadamente hasta las 22:00 horas, para seguir rumbo al puerto de San Antonio y otros puertos del sur del pa\u00eds.<\/p>\n<p>Los pasajeros del Amera durante su estad\u00eda en Coquimbo, realizar\u00e1n tours al Valle del Elqui y ciudad de La Serena.<\/p>\n","protected":false},"excerpt":{"rendered":"<p>Este domingo a las 12:04 horas recal\u00f3 en el sitio 3 de TPC\u00a0 Coquimbo el crucero Amera, embarcaci\u00f3n construida en astilleros de Finlandia con bandera de Bahamas con 720 pasajeros a Bordo. El lujoso transatl\u00e1ntico permanecer\u00e1 en el Terminal portuario Coquimbano aproximadamente hasta las 22:00 horas, para seguir rumbo al puerto de San Antonio y &hellip;<\/p>\n","protected":false},"author":2,"featured_media":0,"comment_status":"closed","ping_status":"closed","sticky":false,"template":"","format":"standard","meta":{"footnotes":""},"categories":[2],"tags":[],"class_list":["post-3779","post","type-post","status-publish","format-standard","hentry","category-regionales"],"_links":{"self":[{"href":"https:\/\/www.elregional.cl\/index.php?rest_route=\/wp\/v2\/posts\/3779","targetHints":{"allow":["GET"]}}],"collection":[{"href":"https:\/\/www.elregional.cl\/index.php?rest_route=\/wp\/v2\/posts"}],"about":[{"href":"https:\/\/www.elregional.cl\/index.php?rest_route=\/wp\/v2\/types\/post"}],"author":[{"embeddable":true,"href":"https:\/\/www.elregional.cl\/index.php?rest_route=\/wp\/v2\/users\/2"}],"replies":[{"embeddable":true,"href":"https:\/\/www.elregional.cl\/index.php?rest_route=%2Fwp%2Fv2%2Fcomments&post=3779"}],"version-history":[{"count":1,"href":"https:\/\/www.elregional.cl\/index.php?rest_route=\/wp\/v2\/posts\/3779\/revisions"}],"predecessor-version":[{"id":3781,"href":"https:\/\/www.elregional.cl\/index.php?rest_route=\/wp\/v2\/posts\/3779\/revisions\/3781"}],"wp:attachment":[{"href":"https:\/\/www.elregional.cl\/index.php?rest_route=%2Fwp%2Fv2%2Fmedia&parent=3779"}],"wp:term":[{"taxonomy":"category","embeddable":true,"href":"https:\/\/www.elregional.cl\/index.php?rest_route=%2Fwp%2Fv2%2Fcategories&post=3779"},{"taxonomy":"post_tag","embeddable":true,"href":"https:\/\/www.elregional.cl\/index.php?rest_route=%2Fwp%2Fv2%2Ftags&post=3779"}],"curies":[{"name":"wp","href":"https:\/\/api.w.org\/{rel}","templated":true}]}}