{"id":3805,"date":"2025-03-13T06:30:17","date_gmt":"2025-03-13T06:30:17","guid":{"rendered":"https:\/\/www.elregional.cl\/?p=3805"},"modified":"2025-03-13T06:30:17","modified_gmt":"2025-03-13T06:30:17","slug":"chinchillas-los-motivos-para-no-tenerlas-como-mascotas","status":"publish","type":"post","link":"https:\/\/www.elregional.cl\/?p=3805","title":{"rendered":"Chinchillas: los motivos para no tenerlas como mascotas"},"content":{"rendered":"<header class=\"single-header post-header entry-header single-section align-left single-header-template-1\">\n<div class=\"container\">\n<div class=\"header-main\">\n<div class=\"post-item-header\">\n<div class=\"title-subtitle\">\n<h1 class=\"post-title post-item-title\"><\/h1>\n<\/div>\n<div class=\"post-item-meta wi-meta fox-meta post-header-section \">\n<\/div>\n<\/div>\n<\/div>\n<\/div>\n<\/header>\n<div class=\"single-body single-section\">\n<div class=\"single-section single-main-content allow-stretch-full disable-dropcap\">\n<div class=\"entry-container\">\n<div class=\"content-main\">\n<div class=\"dropcap-content columnable-content article-content entry-content single-component\">\n<p>Designada como\u00a0<a href=\"https:\/\/repositorioambiental.mma.gob.cl\/wp-content\/uploads\/2019\/09\/Gui%CC%81a-pedagogica-sobre-la-chinchilla-1.pdf\" target=\"_blank\" rel=\"noreferrer noopener\">Monumento Natural de Chile<\/a>, la\u00a0<a class=\"google-anno\" href=\"https:\/\/www.publico.es\/yo-animal\/chinchillas-los-motivos-para-no-tenerlas-como-mascotas\/#\" data-google-vignette=\"false\" data-google-interstitial=\"false\">\u00a0<span class=\"google-anno-t\">chinchilla<\/span><\/a>\u00a0es un\u00a0<strong>g\u00e9nero de roedores<\/strong>\u00a0que agrupa dos especies y una variedad dom\u00e9stica. Por un lado, la\u00a0<em><a class=\"google-anno\" href=\"https:\/\/www.publico.es\/yo-animal\/chinchillas-los-motivos-para-no-tenerlas-como-mascotas\/#\" data-google-vignette=\"false\" data-google-interstitial=\"false\">\u00a0<span class=\"google-anno-t\">Chinchilla<\/span><\/a>\u00a0chinchilla,<\/em>\u00a0de cola corta, y la\u00a0<em>Chinchilla lanigera<\/em>, de cola larga, el roedor end\u00e9mico y especie emblem\u00e1tica de la biodiversidad de la Regi\u00f3n de Coquimbo, al norte de Chile.<\/p>\n<p>Adem\u00e1s de estas dos especies silvestres, tenemos la\u00a0<strong>chinchilla dom\u00e9stica<\/strong>\u00a0que es resultado de un cruce progresivo de ambas especies, especialmente derivado de la intervenci\u00f3n de criadores comerciales interesados en su piel.<\/p>\n<h2 class=\"wp-block-heading\">Siete motivos para no tener una chinchilla como mascota<\/h2>\n<figure class=\"wp-block-image size-large\"><figcaption class=\"wp-element-caption\"><\/figcaption><\/figure>\n<p>Por supuesto, nunca deber\u00edamos tener una chinchilla silvestre como mascota, ya que ambas especies se encuentran en diferentes grados de\u00a0<strong>peligro de extinci\u00f3n<\/strong>, especialmente la chinchilla de cola corta, en poblaci\u00f3n decreciente\u00a0<a href=\"https:\/\/www.iucnredlist.org\/species\/4651\/22191157\" target=\"_blank\" rel=\"noreferrer noopener\">seg\u00fan la IUCN<\/a>.<\/p>\n<\/div>\n<\/div>\n<\/div>\n<\/div>\n<\/div>\n","protected":false},"excerpt":{"rendered":"<p>Designada como\u00a0Monumento Natural de Chile, la\u00a0\u00a0chinchilla\u00a0es un\u00a0g\u00e9nero de roedores\u00a0que agrupa dos especies y una variedad dom\u00e9stica. Por un lado, la\u00a0\u00a0Chinchilla\u00a0chinchilla,\u00a0de cola corta, y la\u00a0Chinchilla lanigera, de cola larga, el roedor end\u00e9mico y especie emblem\u00e1tica de la biodiversidad de la Regi\u00f3n de Coquimbo, al norte de Chile. Adem\u00e1s de estas dos especies silvestres, tenemos la\u00a0chinchilla dom\u00e9stica\u00a0que &hellip;<\/p>\n","protected":false},"author":2,"featured_media":0,"comment_status":"closed","ping_status":"closed","sticky":false,"template":"","format":"standard","meta":{"footnotes":""},"categories":[3],"tags":[],"class_list":["post-3805","post","type-post","status-publish","format-standard","hentry","category-pais"],"_links":{"self":[{"href":"https:\/\/www.elregional.cl\/index.php?rest_route=\/wp\/v2\/posts\/3805","targetHints":{"allow":["GET"]}}],"collection":[{"href":"https:\/\/www.elregional.cl\/index.php?rest_route=\/wp\/v2\/posts"}],"about":[{"href":"https:\/\/www.elregional.cl\/index.php?rest_route=\/wp\/v2\/types\/post"}],"author":[{"embeddable":true,"href":"https:\/\/www.elregional.cl\/index.php?rest_route=\/wp\/v2\/users\/2"}],"replies":[{"embeddable":true,"href":"https:\/\/www.elregional.cl\/index.php?rest_route=%2Fwp%2Fv2%2Fcomments&post=3805"}],"version-history":[{"count":1,"href":"https:\/\/www.elregional.cl\/index.php?rest_route=\/wp\/v2\/posts\/3805\/revisions"}],"predecessor-version":[{"id":3807,"href":"https:\/\/www.elregional.cl\/index.php?rest_route=\/wp\/v2\/posts\/3805\/revisions\/3807"}],"wp:attachment":[{"href":"https:\/\/www.elregional.cl\/index.php?rest_route=%2Fwp%2Fv2%2Fmedia&parent=3805"}],"wp:term":[{"taxonomy":"category","embeddable":true,"href":"https:\/\/www.elregional.cl\/index.php?rest_route=%2Fwp%2Fv2%2Fcategories&post=3805"},{"taxonomy":"post_tag","embeddable":true,"href":"https:\/\/www.elregional.cl\/index.php?rest_route=%2Fwp%2Fv2%2Ftags&post=3805"}],"curies":[{"name":"wp","href":"https:\/\/api.w.org\/{rel}","templated":true}]}}