{"id":385,"date":"2024-08-17T08:14:23","date_gmt":"2024-08-17T08:14:23","guid":{"rendered":"https:\/\/www.elregional.cl\/?p=385"},"modified":"2024-08-17T08:14:23","modified_gmt":"2024-08-17T08:14:23","slug":"coquimbo-marcha-y-dice-no-maltrato-animal","status":"publish","type":"post","link":"https:\/\/www.elregional.cl\/?p=385","title":{"rendered":"Coquimbo marcha y dice: NO + MALTRATO ANIMAL."},"content":{"rendered":"<p>Marcha todos juntos por los animales<br \/>\nCobra m\u00e1s sentido que nunca<br \/>\nEntre las Rescatistas independientes de la regi\u00f3n<br \/>\nUnidos somo su voz !!<br \/>\nCoquimbo es hora de decir NO m\u00e1s maltrato NO m\u00e1s abandono.<br \/>\nHoy S\u00e1bado 17 de Agosto todos invitados para<br \/>\nCrear conciencia en un mundo cada d\u00eda menos conciente es tarea de quienes amamos y rescatamos la vida, junt\u00e9monos en plaza Las Americas de Coquimbo desde las 11:30 horas aprox. \ud83d\udc36\ud83d\udc31\ud83d\udc0e\ud83e\udde1<br \/>\nPorfavor difunda<br \/>\n#todosjuntosporlosanimales<\/p>\n","protected":false},"excerpt":{"rendered":"<p>Marcha todos juntos por los animales Cobra m\u00e1s sentido que nunca Entre las Rescatistas independientes de la regi\u00f3n Unidos somo su voz !! Coquimbo es hora de decir NO m\u00e1s maltrato NO m\u00e1s abandono. Hoy S\u00e1bado 17 de Agosto todos invitados para Crear conciencia en un mundo cada d\u00eda menos conciente es tarea de quienes &hellip;<\/p>\n","protected":false},"author":2,"featured_media":0,"comment_status":"closed","ping_status":"closed","sticky":false,"template":"","format":"standard","meta":{"footnotes":""},"categories":[13,2],"tags":[],"class_list":["post-385","post","type-post","status-publish","format-standard","hentry","category-coquimbo","category-regionales"],"_links":{"self":[{"href":"https:\/\/www.elregional.cl\/index.php?rest_route=\/wp\/v2\/posts\/385","targetHints":{"allow":["GET"]}}],"collection":[{"href":"https:\/\/www.elregional.cl\/index.php?rest_route=\/wp\/v2\/posts"}],"about":[{"href":"https:\/\/www.elregional.cl\/index.php?rest_route=\/wp\/v2\/types\/post"}],"author":[{"embeddable":true,"href":"https:\/\/www.elregional.cl\/index.php?rest_route=\/wp\/v2\/users\/2"}],"replies":[{"embeddable":true,"href":"https:\/\/www.elregional.cl\/index.php?rest_route=%2Fwp%2Fv2%2Fcomments&post=385"}],"version-history":[{"count":1,"href":"https:\/\/www.elregional.cl\/index.php?rest_route=\/wp\/v2\/posts\/385\/revisions"}],"predecessor-version":[{"id":387,"href":"https:\/\/www.elregional.cl\/index.php?rest_route=\/wp\/v2\/posts\/385\/revisions\/387"}],"wp:attachment":[{"href":"https:\/\/www.elregional.cl\/index.php?rest_route=%2Fwp%2Fv2%2Fmedia&parent=385"}],"wp:term":[{"taxonomy":"category","embeddable":true,"href":"https:\/\/www.elregional.cl\/index.php?rest_route=%2Fwp%2Fv2%2Fcategories&post=385"},{"taxonomy":"post_tag","embeddable":true,"href":"https:\/\/www.elregional.cl\/index.php?rest_route=%2Fwp%2Fv2%2Ftags&post=385"}],"curies":[{"name":"wp","href":"https:\/\/api.w.org\/{rel}","templated":true}]}}