{"id":3882,"date":"2025-03-14T05:43:59","date_gmt":"2025-03-14T05:43:59","guid":{"rendered":"https:\/\/www.elregional.cl\/?p=3882"},"modified":"2025-03-14T05:43:59","modified_gmt":"2025-03-14T05:43:59","slug":"trump-amenaza-con-un-arancel-del-200-al-vino-y-otras-bebidas-alcoholicas-de-la-ue","status":"publish","type":"post","link":"https:\/\/www.elregional.cl\/?p=3882","title":{"rendered":"Trump amenaza con un arancel del 200\u00a0% al vino y otras bebidas alcoh\u00f3licas de la UE"},"content":{"rendered":"<h1 class=\"mx-auto md:text-4xl text-3xl font-medium pt-2 pb-4\" data-elhuyar-irakurri=\"true\"><\/h1>\n<p data-elhuyar-irakurri=\"true\">AGENCIAS | EITB MEDIA<\/p>\n<p class=\"pt-2 pb-2 text-lg font-semibold\" data-elhuyar-irakurri=\"true\">El presidente de EE. UU. ha acusado a la UE de ser una de las autoridades fiscales y arancelarias m\u00e1s hostiles y abusivas del mundo<\/p>\n<div class=\"text-gray-600 text-xs mx-auto text-left\"><\/div>\n<div class=\"leading-relaxed pt-4 space-y-4 text-lg\">\n<p class=\"paragraph\" data-elhuyar-irakurri=\"true\">El presidente de Estados Unidos, Donald Trump, ha amenazado este jueves con imponer \u00aben breve\u00bb un arancel del 200\u00a0% a todos los vinos y productos alcoh\u00f3licos procedentes de los pa\u00edses de la Uni\u00f3n Europea (UE) si Bruselas no retira \u00abde inmediato\u00bb el gravamen anunciado del 50\u00a0% sobre el whiskey estadounidense.<\/p>\n<p class=\"paragraph\" data-elhuyar-irakurri=\"true\">En una publicaci\u00f3n en la red \u00abTruth Social\u00bb, el inquilino de la Casa Blanca ha acusado a la UE de ser una de las autoridades fiscales y arancelarias m\u00e1s hostiles y abusivas del mundo, \u00abcreada con el \u00fanico prop\u00f3sito de aprovecharse de Estados Unidos\u00bb.<\/p>\n<p class=\"paragraph\" data-elhuyar-irakurri=\"true\">En este sentido, ha advertido de que, si la UE no elimina \u00abde inmediato\u00bb el arancel del 50\u00a0% al whiskey procedente de EE.UU. impondr\u00e1 en breve un arancel del 200\u00a0% \u00aba todos los vinos, champanes y productos alcoh\u00f3licos procedentes de Francia y otros pa\u00edses representados por la UE\u00bb.<\/p>\n<p class=\"paragraph\" data-elhuyar-irakurri=\"true\">\u00abEsto beneficiar\u00e1 enormemente al sector del vino y el champ\u00e1n en Estados Unidos\u00bb, ha asegurado Trump.<\/p>\n<p class=\"paragraph\" data-elhuyar-irakurri=\"true\">Desde Bruselas, la Comisi\u00f3n Europea ha declinado hacer comentarios sobre el nuevo anuncio de Trump, siguiendo su estrategia de actuar solo cuando la nueva Administraci\u00f3n norteamericana toma decisiones en firme.<\/p>\n<\/div>\n","protected":false},"excerpt":{"rendered":"<p>AGENCIAS | EITB MEDIA El presidente de EE. UU. ha acusado a la UE de ser una de las autoridades fiscales y arancelarias m\u00e1s hostiles y abusivas del mundo El presidente de Estados Unidos, Donald Trump, ha amenazado este jueves con imponer \u00aben breve\u00bb un arancel del 200\u00a0% a todos los vinos y productos alcoh\u00f3licos &hellip;<\/p>\n","protected":false},"author":2,"featured_media":0,"comment_status":"closed","ping_status":"closed","sticky":false,"template":"","format":"standard","meta":{"footnotes":""},"categories":[4],"tags":[],"class_list":["post-3882","post","type-post","status-publish","format-standard","hentry","category-mundo"],"_links":{"self":[{"href":"https:\/\/www.elregional.cl\/index.php?rest_route=\/wp\/v2\/posts\/3882","targetHints":{"allow":["GET"]}}],"collection":[{"href":"https:\/\/www.elregional.cl\/index.php?rest_route=\/wp\/v2\/posts"}],"about":[{"href":"https:\/\/www.elregional.cl\/index.php?rest_route=\/wp\/v2\/types\/post"}],"author":[{"embeddable":true,"href":"https:\/\/www.elregional.cl\/index.php?rest_route=\/wp\/v2\/users\/2"}],"replies":[{"embeddable":true,"href":"https:\/\/www.elregional.cl\/index.php?rest_route=%2Fwp%2Fv2%2Fcomments&post=3882"}],"version-history":[{"count":1,"href":"https:\/\/www.elregional.cl\/index.php?rest_route=\/wp\/v2\/posts\/3882\/revisions"}],"predecessor-version":[{"id":3884,"href":"https:\/\/www.elregional.cl\/index.php?rest_route=\/wp\/v2\/posts\/3882\/revisions\/3884"}],"wp:attachment":[{"href":"https:\/\/www.elregional.cl\/index.php?rest_route=%2Fwp%2Fv2%2Fmedia&parent=3882"}],"wp:term":[{"taxonomy":"category","embeddable":true,"href":"https:\/\/www.elregional.cl\/index.php?rest_route=%2Fwp%2Fv2%2Fcategories&post=3882"},{"taxonomy":"post_tag","embeddable":true,"href":"https:\/\/www.elregional.cl\/index.php?rest_route=%2Fwp%2Fv2%2Ftags&post=3882"}],"curies":[{"name":"wp","href":"https:\/\/api.w.org\/{rel}","templated":true}]}}