{"id":3923,"date":"2025-03-17T05:52:04","date_gmt":"2025-03-17T05:52:04","guid":{"rendered":"https:\/\/www.elregional.cl\/?p=3923"},"modified":"2025-03-17T05:52:04","modified_gmt":"2025-03-17T05:52:04","slug":"vecinos-de-pichindangui-manifiestan-preocupacion-por-constantes-robos-en-el-balneario","status":"publish","type":"post","link":"https:\/\/www.elregional.cl\/?p=3923","title":{"rendered":"Vecinos de Pichindangui manifiestan preocupaci\u00f3n por constantes robos en el balneario"},"content":{"rendered":"<div class=\"td-post-header\">\n<header class=\"td-post-title\">\n<h1 class=\"entry-title\"><\/h1>\n<div class=\"td-module-meta-info\"><\/div>\n<\/header>\n<\/div>\n<div class=\"td-post-content\">\n<div class=\"td-post-sharing td-post-sharing-top\">\n<div class=\"td-default-sharing\"><i class=\"td-icon-facebook\"><\/i><strong><em>DavidNoticias.cl<\/em><\/strong><\/div>\n<div class=\"td-default-sharing\"><strong><em>Una vecina del balneario de Pichidangui, en la comuna de Los Vilos, denunci\u00f3 un robo ocurrido anoche en una vivienda ubicada en la Avenida Costanera, a dos casas de distancia de los locales comerciales del sector, donde se encuentran una ferreter\u00eda y otros negocios. La afectada, quien prefiri\u00f3 identificarse solo como Vincenza, relat\u00f3 los hechos que vivi\u00f3 su hijo y sus amigos durante el atardecer del d\u00eda anterior.<\/em><\/strong><\/div>\n<\/div>\n<p>Seg\u00fan el testimonio de la vecina, un grupo de cuatro j\u00f3venes adultos se encontraba en la terraza lateral de la casa de un amigo, jugando cartas, cuando un individuo ingres\u00f3 de manera furtiva al living de la vivienda y sustrajo dos mochilas. Aunque las mochilas no conten\u00edan objetos de gran valor, como celulares, s\u00ed ten\u00edan ropa y pertenencias personales. Uno de los j\u00f3venes, quien sali\u00f3 al jard\u00edn a fumar, not\u00f3 que alguien abandonaba la propiedad dejando la reja abierta, pensando inicialmente que se trataba de un maestro que hab\u00eda trabajado en la casa durante la tarde. Sin embargo, pronto se percataron de que se trataba de un ladr\u00f3n.<\/p>\n<p>El robo habr\u00eda ocurrido entre las 9:30 y las 10:00 de la noche, mientras los veh\u00edculos de los residentes estaban estacionados en el lugar y los j\u00f3venes se encontraban en la terraza. A pesar de que los afectados salieron inmediatamente a buscar al sospechoso, no lograron encontrarlo. Vincenza destac\u00f3 la audacia del delincuente, quien ingres\u00f3 a la propiedad a pesar de la presencia de varias personas en el lugar.<\/p>\n<p>La vecina expres\u00f3 su preocupaci\u00f3n por el hecho de que el robo ocurriera en una casa habitada y con presencia de hombres, lo que demuestra la osad\u00eda de los delincuentes en la zona. \u201cPodr\u00edan haberle sacado la mugre entre todos si lo hubiesen pillado\u201d, coment\u00f3, enfatizando la importancia de que la comunidad est\u00e9 alerta ante este tipo de situaciones.<\/p>\n<\/div>\n","protected":false},"excerpt":{"rendered":"<p>DavidNoticias.cl Una vecina del balneario de Pichidangui, en la comuna de Los Vilos, denunci\u00f3 un robo ocurrido anoche en una vivienda ubicada en la Avenida Costanera, a dos casas de distancia de los locales comerciales del sector, donde se encuentran una ferreter\u00eda y otros negocios. La afectada, quien prefiri\u00f3 identificarse solo como Vincenza, relat\u00f3 los &hellip;<\/p>\n","protected":false},"author":2,"featured_media":0,"comment_status":"closed","ping_status":"closed","sticky":false,"template":"","format":"standard","meta":{"footnotes":""},"categories":[2],"tags":[],"class_list":["post-3923","post","type-post","status-publish","format-standard","hentry","category-regionales"],"_links":{"self":[{"href":"https:\/\/www.elregional.cl\/index.php?rest_route=\/wp\/v2\/posts\/3923","targetHints":{"allow":["GET"]}}],"collection":[{"href":"https:\/\/www.elregional.cl\/index.php?rest_route=\/wp\/v2\/posts"}],"about":[{"href":"https:\/\/www.elregional.cl\/index.php?rest_route=\/wp\/v2\/types\/post"}],"author":[{"embeddable":true,"href":"https:\/\/www.elregional.cl\/index.php?rest_route=\/wp\/v2\/users\/2"}],"replies":[{"embeddable":true,"href":"https:\/\/www.elregional.cl\/index.php?rest_route=%2Fwp%2Fv2%2Fcomments&post=3923"}],"version-history":[{"count":1,"href":"https:\/\/www.elregional.cl\/index.php?rest_route=\/wp\/v2\/posts\/3923\/revisions"}],"predecessor-version":[{"id":3925,"href":"https:\/\/www.elregional.cl\/index.php?rest_route=\/wp\/v2\/posts\/3923\/revisions\/3925"}],"wp:attachment":[{"href":"https:\/\/www.elregional.cl\/index.php?rest_route=%2Fwp%2Fv2%2Fmedia&parent=3923"}],"wp:term":[{"taxonomy":"category","embeddable":true,"href":"https:\/\/www.elregional.cl\/index.php?rest_route=%2Fwp%2Fv2%2Fcategories&post=3923"},{"taxonomy":"post_tag","embeddable":true,"href":"https:\/\/www.elregional.cl\/index.php?rest_route=%2Fwp%2Fv2%2Ftags&post=3923"}],"curies":[{"name":"wp","href":"https:\/\/api.w.org\/{rel}","templated":true}]}}